{"id":926,"date":"2022-04-07T16:25:49","date_gmt":"2022-04-07T16:25:49","guid":{"rendered":"https:\/\/resirg.org\/beta\/?p=926"},"modified":"2022-04-07T16:38:04","modified_gmt":"2022-04-07T16:38:04","slug":"communique-de-presse-28eme-commemoration-des-victimes-du-genocide-commis-contre-les-tutsis-du-rwanda-en-1994","status":"publish","type":"post","link":"https:\/\/resirg.org\/beta\/communique-de-presse-28eme-commemoration-des-victimes-du-genocide-commis-contre-les-tutsis-du-rwanda-en-1994\/","title":{"rendered":"Communiqu\u00e9 de presse: 28\u00e8me Comm\u00e9moration des victimes du G\u00e9nocide commis contre les Tutsis du Rwanda en 1994"},"content":{"rendered":"\n<p><strong>Communiqu\u00e9 de presse: 28<sup>\u00e8me<\/sup> Comm\u00e9moration des victimes du G\u00e9nocide commis contre les Tutsis du Rwanda en 1994<\/strong><\/p>\n\n\n\n<p>7 avril 1994 &#8211; 7 avril 2022 : 28 ans d\u00e9j\u00e0, 28 ans seulement ! Nous voici \u00e0 l\u2019avant-veille de 30 ans des Comm\u00e9morations des victimes du g\u00e9nocide qui a \u00e9t\u00e9 perp\u00e9tr\u00e9 contre les Tutsis du Rwanda.<\/p>\n\n\n\n<p>Le R\u00e9seau International Recherche et G\u00e9nocide (RESIRG) voudrait proposer une r\u00e9flexion, afin que les comm\u00e9morations soient personnalis\u00e9es, largement inclusives et participatives, en vue, notamment, de contrer r\u00e9viseurs et autres n\u00e9gateurs du g\u00e9nocide en cause.<\/p>\n\n\n\n<p>RESIRG en appelle tant \u00e0 l\u2019expertise d\u2019usage, \u00e0 l\u2019expertise technique qu\u2019\u00e0 l\u2019expertise politique et institutionnelle, pour l\u2019\u00e9laboration de concepts et d\u2019outils m\u00e9thodologiques susceptibles d\u2019\u00eatre utiles aux futures comm\u00e9morations. Gouverner, c\u2019est pr\u00e9voir, ou anticiper, dit-on.<\/p>\n\n\n\n<p>Rappelons que les comm\u00e9morations ont \u00e9t\u00e9 affect\u00e9es, ces derni\u00e8res ann\u00e9es, par le confinement. Nombre de chercheurs en attestent: deuil, comm\u00e9moration et rites sont, par de nombreux aspects, confin\u00e9s.<\/p>\n\n\n\n<p>Temps d\u2019arr\u00eat, arr\u00eat du temps : c\u2019est l\u00e0 une non-pr\u00e9cipitation chronologique qui favorise une non-pr\u00e9cipitation psychologique.&nbsp; La suspension du temps donne lieu \u00e0 ce ralentissement. Dans un premier mouvement, les endeuill\u00e9s ne veulent d\u00e9ranger personne. Toute comm\u00e9moration digne de ce nom commence par \u00eatre soliloque, mais pour s\u2019ouvrir, vite apr\u00e8s.<\/p>\n\n\n\n<p>Le bagage \u00e9tymologique y appelle, d\u00e8s l\u2019abord : com-m\u00e9morer. Du latin \u00ab commemorare : se rappeler avec, se souvenir avec, faire m\u00e9moire avec. Sur un autre plan, les grands rites du deuil rel\u00e8vent de ressources culturelles forc\u00e9ment partag\u00e9es. La pand\u00e9mie nous aura permis de repenser des comm\u00e9morations qui soient \u00e0 la fois personnalis\u00e9es, mais aussi largement ouvertes.<\/p>\n\n\n\n<p>Le R\u00e9seau International Recherche et G\u00e9nocide invite \u00e0 une r\u00e9flexion sur des comm\u00e9morations personnalis\u00e9es et inclusives. RESIRG appelle ainsi \u00e0 des comm\u00e9morations \u2018d\u00e9-confin\u00e9es\u2019 et donc participatives, des comm\u00e9morations qui m\u00e9dicalisent, socialisent, ou resocialisent.<\/p>\n\n\n\n<p><strong>Fait \u00e0 Bruxelles, le 7 avril 2022<\/strong><\/p>\n\n\n\n<p><strong>D\u00e9o MAZINA&nbsp;&nbsp;&nbsp;&nbsp;&nbsp;&nbsp;&nbsp;&nbsp;&nbsp;&nbsp;&nbsp;&nbsp;&nbsp;&nbsp;&nbsp;&nbsp;&nbsp;&nbsp;&nbsp;&nbsp;&nbsp;&nbsp;&nbsp;&nbsp;&nbsp;&nbsp;&nbsp;&nbsp;&nbsp;&nbsp;&nbsp;&nbsp;&nbsp;&nbsp;&nbsp;&nbsp;&nbsp;&nbsp;&nbsp;&nbsp;&nbsp;&nbsp;&nbsp;&nbsp;&nbsp;&nbsp;&nbsp;&nbsp;&nbsp;&nbsp;&nbsp;&nbsp;&nbsp;&nbsp;&nbsp;&nbsp;&nbsp;&nbsp;&nbsp;&nbsp;&nbsp;&nbsp;&nbsp;&nbsp;&nbsp;&nbsp;&nbsp;&nbsp;&nbsp;&nbsp;&nbsp;&nbsp;&nbsp;&nbsp;&nbsp;&nbsp;&nbsp;&nbsp;&nbsp;&nbsp;&nbsp;&nbsp;&nbsp;&nbsp;&nbsp;&nbsp;&nbsp;&nbsp;&nbsp;&nbsp;&nbsp;&nbsp;&nbsp;&nbsp;&nbsp;&nbsp;&nbsp;&nbsp;&nbsp;&nbsp;&nbsp;&nbsp;&nbsp;&nbsp;&nbsp;&nbsp;&nbsp;&nbsp;&nbsp;&nbsp;&nbsp;&nbsp;&nbsp;&nbsp;&nbsp;&nbsp;&nbsp;&nbsp;&nbsp;&nbsp;&nbsp;&nbsp;&nbsp;&nbsp;&nbsp;&nbsp;&nbsp;&nbsp;&nbsp;&nbsp; <\/strong><\/p>\n\n\n\n<p><strong>Pr\u00e9sident du R\u00e9seau International Recherche et G\u00e9nocide<\/strong><\/p>\n\n\n\n<p><strong>Avenue Jules BORDET 160 \/ 16&nbsp;&nbsp;&nbsp;&nbsp;&nbsp;&nbsp;&nbsp; 1140 EVERE<\/strong><\/p>\n\n\n\n<p><strong>T\u00e9l&nbsp;: +32 497 02 03 23<\/strong><\/p>\n\n\n\n<p><strong>E-mail: <em>info@<\/em><\/strong><a href=\"mailto:resirgbe@yahoo.com\"><strong><em>resirg<\/em><\/strong><strong><em>.org<\/em><\/strong><\/a><strong><em> ou <\/em><\/strong><a href=\"mailto:resirgbe@yahoo.com\"><strong><em>resirgbe@yahoo.com<\/em><\/strong><\/a><strong><\/strong><\/p>\n\n\n\n<p><strong>Website: <em>http:\/\/www.resirg.org\/<\/em><\/strong><\/p>\n","protected":false},"excerpt":{"rendered":"<div class=\"mh-excerpt\"><p>Communiqu\u00e9 de presse: 28\u00e8me Comm\u00e9moration des victimes du G\u00e9nocide commis contre les Tutsis du Rwanda en 1994 7 avril 1994 &#8211; 7 avril 2022 : <a class=\"mh-excerpt-more\" href=\"https:\/\/resirg.org\/beta\/communique-de-presse-28eme-commemoration-des-victimes-du-genocide-commis-contre-les-tutsis-du-rwanda-en-1994\/\" title=\"Communiqu\u00e9 de presse: 28\u00e8me Comm\u00e9moration des victimes du G\u00e9nocide commis contre les Tutsis du Rwanda en 1994\">[&#8230;]<\/a><\/p>\n<\/div>","protected":false},"author":1,"featured_media":933,"comment_status":"open","ping_status":"open","sticky":false,"template":"","format":"standard","meta":{"footnotes":""},"categories":[1],"tags":[],"class_list":["post-926","post","type-post","status-publish","format-standard","has-post-thumbnail","hentry","category-uncategorized"],"_links":{"self":[{"href":"https:\/\/resirg.org\/beta\/wp-json\/wp\/v2\/posts\/926","targetHints":{"allow":["GET"]}}],"collection":[{"href":"https:\/\/resirg.org\/beta\/wp-json\/wp\/v2\/posts"}],"about":[{"href":"https:\/\/resirg.org\/beta\/wp-json\/wp\/v2\/types\/post"}],"author":[{"embeddable":true,"href":"https:\/\/resirg.org\/beta\/wp-json\/wp\/v2\/users\/1"}],"replies":[{"embeddable":true,"href":"https:\/\/resirg.org\/beta\/wp-json\/wp\/v2\/comments?post=926"}],"version-history":[{"count":5,"href":"https:\/\/resirg.org\/beta\/wp-json\/wp\/v2\/posts\/926\/revisions"}],"predecessor-version":[{"id":932,"href":"https:\/\/resirg.org\/beta\/wp-json\/wp\/v2\/posts\/926\/revisions\/932"}],"wp:featuredmedia":[{"embeddable":true,"href":"https:\/\/resirg.org\/beta\/wp-json\/wp\/v2\/media\/933"}],"wp:attachment":[{"href":"https:\/\/resirg.org\/beta\/wp-json\/wp\/v2\/media?parent=926"}],"wp:term":[{"taxonomy":"category","embeddable":true,"href":"https:\/\/resirg.org\/beta\/wp-json\/wp\/v2\/categories?post=926"},{"taxonomy":"post_tag","embeddable":true,"href":"https:\/\/resirg.org\/beta\/wp-json\/wp\/v2\/tags?post=926"}],"curies":[{"name":"wp","href":"https:\/\/api.w.org\/{rel}","templated":true}]}}