{"id":898,"date":"2022-01-27T06:12:15","date_gmt":"2022-01-27T06:12:15","guid":{"rendered":"https:\/\/resirg.org\/beta\/?p=898"},"modified":"2022-01-27T06:12:16","modified_gmt":"2022-01-27T06:12:16","slug":"communique-de-solidarite-et-de-soutien-du-resirg-reseau-international-recherche-et-genocide","status":"publish","type":"post","link":"https:\/\/resirg.org\/beta\/communique-de-solidarite-et-de-soutien-du-resirg-reseau-international-recherche-et-genocide\/","title":{"rendered":"Communiqu\u00e9 de solidarit\u00e9 et de soutien                                                                      du RESIRG (R\u00e9seau International Recherche et G\u00e9nocide)                                                                   \u00c0 LA COMMUNAUT\u00c9 JUIVE DE BELGIQUE"},"content":{"rendered":"\n<p>Il y a 77 ans, sonnaient, \u00e0 Auschwitz, la fin de la Shoah, et le tout d\u00e9but de sa m\u00e9moire contre l\u2019amn\u00e9sie, contre la r\u00e9vision et autres n\u00e9gations.<\/p>\n\n\n\n<p>37 ans apr\u00e8s la Shoah, Alain FINKIELKRAUT avertissait, d\u00e9j\u00e0&nbsp;: \u00ab&nbsp;(\u2026) il y a&nbsp;\u00bb, entre projet d\u2019extermination et projet de n\u00e9gation,&nbsp;\u00ab&nbsp;une telle continuit\u00e9 (\u2026) qu\u2019il est \u00e0 la fois l\u00e9gitime et in\u00e9vitable d\u2019en inf\u00e9rer la complicit\u00e9.&nbsp;\u00bb<\/p>\n\n\n\n<p>Le message de solidarit\u00e9 du R\u00e9seau International Recherche et G\u00e9nocide (RESIRG) \u00e0 l\u2019adresse de la communaut\u00e9 juive de Belgique est donc appel\u00e9 \u00e0 s\u2019inscrire dans la dur\u00e9e.<\/p>\n\n\n\n<p>C\u2019est dans ce cadre et dans ce sens que, le 27 novembre 2021, RESIRG a organis\u00e9 un colloque qui, entre plusieurs autres horizons de sens, \u00e9tait ax\u00e9 sur la lutte contre toutes formes d\u2019extr\u00e9mismes et de racismes inducteurs et g\u00e9n\u00e9rateurs du g\u00e9nocide et de sa n\u00e9gation.<\/p>\n\n\n\n<p>De quoi faut-il s\u2019\u00e9tonner&nbsp;? La m\u00e9moire est encore vive du g\u00e9nocide perp\u00e9tr\u00e9 \u00e0 l\u2019encontre des Juifs, mais aussi d\u2019autres g\u00e9nocides. Avant m\u00eame le g\u00e9nocide qui a \u00e9t\u00e9 commis contre les Juifs, \u00e9tait accompli celui contre les Arm\u00e9niens, et l\u2019histoire nous montre que l\u2019humanit\u00e9 n\u2019a pas appris du \u00ab&nbsp;crimes des crimes.&nbsp;\u00bb<\/p>\n\n\n\n<p>Il y a eu, en effet, le g\u00e9nocide \u00e0 l\u2019encontre des Tutsi, le g\u00e9nocide ex\u00e9cut\u00e9 \u00e0 Srebrenica et, de nos jours encore, le g\u00e9nocide dont ont \u00e9t\u00e9 victimes les Y\u00e9zidis en Irak, bref, \u00ab&nbsp;le ventre est encore f\u00e9cond d\u2019o\u00f9 a surgi la b\u00eate immonde&nbsp;\u00bb, selon le mot de Bertolt BRECHT en 1941.<\/p>\n\n\n\n<p>RESIRG souhaite poursuivre un travail fond\u00e9 sur une approche qui d\u00e9veloppe une vue d\u2019ensemble de la question des g\u00e9nocides. RESIRG entend, aussi, y associer des repr\u00e9sentants de la communaut\u00e9 juive, ainsi que ceux de la communaut\u00e9 arm\u00e9nienne, aux fins de la mise en \u0153uvre, pour cette ann\u00e9e 2022, d\u2019un projet sur le lien entre racisme et g\u00e9nocide. Le projet est financ\u00e9 par Bruxelles-Capitale.<\/p>\n\n\n\n<p>Aux yeux de notre R\u00e9seau International Recherche et G\u00e9nocide, c\u2019est de la solidarit\u00e9 et du soutien de tous et de la m\u00e9moire du destin des rescap\u00e9s et de leurs descendants que d\u00e9pend la survie de notre humanit\u00e9 \u00e0 tous. \u2026\u2026\u2026\u2026\u2026\u2026\u2026\u2026\u2026\u2026\u2026\u2026\u2026\u2026\u2026\u2026\u2026\u2026\u2026\u2026\u2026\u2026\u2026\u2026\u2026\u2026\u2026\u2026\u2026\u2026\u2026\u2026\u2026\u2026\u2026\u2026<\/p>\n","protected":false},"excerpt":{"rendered":"<div class=\"mh-excerpt\"><p>Il y a 77 ans, sonnaient, \u00e0 Auschwitz, la fin de la Shoah, et le tout d\u00e9but de sa m\u00e9moire contre l\u2019amn\u00e9sie, contre la r\u00e9vision <a class=\"mh-excerpt-more\" href=\"https:\/\/resirg.org\/beta\/communique-de-solidarite-et-de-soutien-du-resirg-reseau-international-recherche-et-genocide\/\" title=\"Communiqu\u00e9 de solidarit\u00e9 et de soutien                                                                      du RESIRG (R\u00e9seau International Recherche et G\u00e9nocide)                                                                   \u00c0 LA COMMUNAUT\u00c9 JUIVE DE BELGIQUE\">[&#8230;]<\/a><\/p>\n<\/div>","protected":false},"author":1,"featured_media":672,"comment_status":"open","ping_status":"open","sticky":false,"template":"","format":"standard","meta":{"footnotes":""},"categories":[1],"tags":[],"class_list":["post-898","post","type-post","status-publish","format-standard","has-post-thumbnail","hentry","category-uncategorized"],"_links":{"self":[{"href":"https:\/\/resirg.org\/beta\/wp-json\/wp\/v2\/posts\/898","targetHints":{"allow":["GET"]}}],"collection":[{"href":"https:\/\/resirg.org\/beta\/wp-json\/wp\/v2\/posts"}],"about":[{"href":"https:\/\/resirg.org\/beta\/wp-json\/wp\/v2\/types\/post"}],"author":[{"embeddable":true,"href":"https:\/\/resirg.org\/beta\/wp-json\/wp\/v2\/users\/1"}],"replies":[{"embeddable":true,"href":"https:\/\/resirg.org\/beta\/wp-json\/wp\/v2\/comments?post=898"}],"version-history":[{"count":1,"href":"https:\/\/resirg.org\/beta\/wp-json\/wp\/v2\/posts\/898\/revisions"}],"predecessor-version":[{"id":899,"href":"https:\/\/resirg.org\/beta\/wp-json\/wp\/v2\/posts\/898\/revisions\/899"}],"wp:featuredmedia":[{"embeddable":true,"href":"https:\/\/resirg.org\/beta\/wp-json\/wp\/v2\/media\/672"}],"wp:attachment":[{"href":"https:\/\/resirg.org\/beta\/wp-json\/wp\/v2\/media?parent=898"}],"wp:term":[{"taxonomy":"category","embeddable":true,"href":"https:\/\/resirg.org\/beta\/wp-json\/wp\/v2\/categories?post=898"},{"taxonomy":"post_tag","embeddable":true,"href":"https:\/\/resirg.org\/beta\/wp-json\/wp\/v2\/tags?post=898"}],"curies":[{"name":"wp","href":"https:\/\/api.w.org\/{rel}","templated":true}]}}