{"id":873,"date":"2021-04-06T15:29:47","date_gmt":"2021-04-06T15:29:47","guid":{"rendered":"https:\/\/resirg.org\/beta\/?p=873"},"modified":"2021-04-07T11:39:14","modified_gmt":"2021-04-07T11:39:14","slug":"communique-de-presse-27eme-commemoration-des-victimes-du-genocide-commis-contre-les-tutsis-du-rwanda-en-1994","status":"publish","type":"post","link":"https:\/\/resirg.org\/beta\/communique-de-presse-27eme-commemoration-des-victimes-du-genocide-commis-contre-les-tutsis-du-rwanda-en-1994\/","title":{"rendered":"Communiqu\u00e9 de presse: 27\u00e8me Comm\u00e9moration des victimes du G\u00e9nocide commis contre les Tutsis du Rwanda en 1994"},"content":{"rendered":"\n<p><strong><br>Communiqu\u00e9 de presse:<\/strong><br><strong>27\u00e8me Comm\u00e9moration des victimes du G\u00e9nocide commis contre les Tutsis du Rwanda en 1994.<\/strong><br>7 avril 1994 &#8211; 7 avril 2021 : 27 ans d\u00e9j\u00e0, 27 ans seulement, sur le continuum historique de la<br>m\u00e9moire et du m\u00e9morial des victimes du g\u00e9nocide qui a \u00e9t\u00e9 perp\u00e9tr\u00e9 contre les Tutsis du<br>Rwanda en 1994. Toujours plus active et toujours plus actuelle, la conscience en devient<br>encore plus vive, par ces temps de toutes les transitions li\u00e9es \u00e0 la pand\u00e9mie du coronavirus<br>et s\u2019ajoute \u00e0 la solitude existentielle inh\u00e9rente \u00e0 la vie des rescap\u00e9s d&#8217;un g\u00e9nocide, qui ont<br>plus que jamais un besoin de contact social.<br>Le flambeau du &#8220;Plus jamais \u00e7a&#8221; doit rester allum\u00e9, \u00e0 l\u2019heure o\u00f9, tout singuli\u00e8rement,<br>l\u2019\u00e9lucidation des responsabilit\u00e9s et des cons\u00e9quences qu\u2019elles appellent se donne \u00e0 voir<br>davantage, m\u00eame si encore de fa\u00e7on partielle ou parcellaire, voire partiale, comme en<br>atteste le r\u00e9cent Rapport de la Commission Duclert sur l\u2019implication de la France dans le<br>g\u00e9nocide.<br>La mise \u00e0 plat des responsabilit\u00e9s d\u00e9j\u00e0 attest\u00e9es en ouvre sur d\u2019autres, autant sur le plan de<br>la recherche scientifique que sur le plan judiciaire stricto-sensu. Notre R\u00e9seau International<br>Recherche et G\u00e9nocide (RESIRG asbl) ne peut, en effet, se contenter d\u2019une recherche<br>ferm\u00e9e, sans ouverture sur l\u2019horizon du sens, ou se satisfaire de la realpolitik et du culte de<br>la m\u00e9diocrit\u00e9 qui veut qu\u2019\u00ab avec les hommes politiques, il n&#8217;est que de savoir attendre. Ils<br>finissent toujours par reconna\u00eetre loyalement leurs erreurs, \u00e0 la seule condition qu&#8217;il soit trop<br>tard pour les r\u00e9parer. \u00bb Andr\u00e9 Frossard, Journaliste et essayiste fran\u00e7ais (1915-1995).<br>Imprescriptibilit\u00e9 du crime de g\u00e9nocide, complicit\u00e9s ou non, jurisprudence ad hoc, r\u00e9paration<br>selon la nature ou selon le degr\u00e9 des responsabilit\u00e9s sont ici les ma\u00eetres-mots. Concernant la<br>r\u00e9paration, la R\u00e9solution A\/RES\/60\/147 de l\u2019Assembl\u00e9e g\u00e9n\u00e9rale de l\u2019Organisation des<br>Nations unies, sur le droit \u00e0 un recours et \u00e0 r\u00e9paration, distingue cinq formes de r\u00e9paration :<br>restitution, indemnisation, r\u00e9adaptation, satisfaction et garanties de non r\u00e9p\u00e9tition ou<br>r\u00e9paration symbolique. Autant de modalit\u00e9s de la r\u00e9paration qu\u2019on ne peut qu\u2019appeler \u00e0<br>examiner de fa\u00e7on plus approfondie \u00e0 la lumi\u00e8re de l\u2019\u00e9volution des connaissances sur le<br>g\u00e9nocide. Interrogeons donc, non plus le bon sens mais le sens bon, \u00e0 la faveur de la 27\u00e8me<br>Comm\u00e9moration du g\u00e9nocide qui a d\u00e9cim\u00e9 le membre tutsi de notre Humanit\u00e9.<br>Fait \u00e0 Bruxelles, le 7 avril 2021,<br>Pour le R\u00e9seau International Recherche et G\u00e9nocide (RESIRG asbl)<br>D\u00e9o MAZINA, Pr\u00e9sident<\/p>\n","protected":false},"excerpt":{"rendered":"<div class=\"mh-excerpt\"><p>Communiqu\u00e9 de presse:27\u00e8me Comm\u00e9moration des victimes du G\u00e9nocide commis contre les Tutsis du Rwanda en 1994.7 avril 1994 &#8211; 7 avril 2021 : 27 ans <a class=\"mh-excerpt-more\" href=\"https:\/\/resirg.org\/beta\/communique-de-presse-27eme-commemoration-des-victimes-du-genocide-commis-contre-les-tutsis-du-rwanda-en-1994\/\" title=\"Communiqu\u00e9 de presse: 27\u00e8me Comm\u00e9moration des victimes du G\u00e9nocide commis contre les Tutsis du Rwanda en 1994\">[&#8230;]<\/a><\/p>\n<\/div>","protected":false},"author":2,"featured_media":878,"comment_status":"open","ping_status":"open","sticky":false,"template":"","format":"standard","meta":{"footnotes":""},"categories":[1],"tags":[],"class_list":["post-873","post","type-post","status-publish","format-standard","has-post-thumbnail","hentry","category-uncategorized"],"_links":{"self":[{"href":"https:\/\/resirg.org\/beta\/wp-json\/wp\/v2\/posts\/873","targetHints":{"allow":["GET"]}}],"collection":[{"href":"https:\/\/resirg.org\/beta\/wp-json\/wp\/v2\/posts"}],"about":[{"href":"https:\/\/resirg.org\/beta\/wp-json\/wp\/v2\/types\/post"}],"author":[{"embeddable":true,"href":"https:\/\/resirg.org\/beta\/wp-json\/wp\/v2\/users\/2"}],"replies":[{"embeddable":true,"href":"https:\/\/resirg.org\/beta\/wp-json\/wp\/v2\/comments?post=873"}],"version-history":[{"count":2,"href":"https:\/\/resirg.org\/beta\/wp-json\/wp\/v2\/posts\/873\/revisions"}],"predecessor-version":[{"id":877,"href":"https:\/\/resirg.org\/beta\/wp-json\/wp\/v2\/posts\/873\/revisions\/877"}],"wp:featuredmedia":[{"embeddable":true,"href":"https:\/\/resirg.org\/beta\/wp-json\/wp\/v2\/media\/878"}],"wp:attachment":[{"href":"https:\/\/resirg.org\/beta\/wp-json\/wp\/v2\/media?parent=873"}],"wp:term":[{"taxonomy":"category","embeddable":true,"href":"https:\/\/resirg.org\/beta\/wp-json\/wp\/v2\/categories?post=873"},{"taxonomy":"post_tag","embeddable":true,"href":"https:\/\/resirg.org\/beta\/wp-json\/wp\/v2\/tags?post=873"}],"curies":[{"name":"wp","href":"https:\/\/api.w.org\/{rel}","templated":true}]}}