{"id":229,"date":"2020-04-07T17:37:00","date_gmt":"2020-04-07T17:37:00","guid":{"rendered":"http:\/\/lawyer2.mythemecloud.io\/?p=229"},"modified":"2020-08-10T15:34:39","modified_gmt":"2020-08-10T15:34:39","slug":"26eme-commemoration-des-victimes-du-genocide-commis-contre-les-tutsis-en-1994","status":"publish","type":"post","link":"https:\/\/resirg.org\/beta\/26eme-commemoration-des-victimes-du-genocide-commis-contre-les-tutsis-en-1994\/","title":{"rendered":"Communiqu\u00e9 du R\u00e9seau International Recherche et G\u00e9nocide (RESIRG asbl)"},"content":{"rendered":"\t\t<div data-elementor-type=\"wp-post\" data-elementor-id=\"229\" class=\"elementor elementor-229\">\n\t\t\t\t\t\t<section class=\"elementor-section elementor-top-section elementor-element elementor-element-2486dd8f elementor-section-boxed elementor-section-height-default elementor-section-height-default\" data-id=\"2486dd8f\" data-element_type=\"section\">\n\t\t\t\t\t\t<div class=\"elementor-container elementor-column-gap-default\">\n\t\t\t\t\t<div class=\"elementor-column elementor-col-100 elementor-top-column elementor-element elementor-element-2d93c7a\" data-id=\"2d93c7a\" data-element_type=\"column\">\n\t\t\t<div class=\"elementor-widget-wrap elementor-element-populated\">\n\t\t\t\t\t\t<div class=\"elementor-element elementor-element-2c51d601 elementor-widget elementor-widget-text-editor\" data-id=\"2c51d601\" data-element_type=\"widget\" data-widget_type=\"text-editor.default\">\n\t\t\t\t<div class=\"elementor-widget-container\">\n\t\t\t\t\t\t\t\t\t<p><strong>26<sup>\u00e8me<\/sup> Comm\u00e9moration des victimes du G\u00e9nocide Commis contre les Tutsis en 1994<\/strong><\/p><p><em>\u00ab Montrez-moi la fa\u00e7on dont une nation ou une soci\u00e9t\u00e9 s\u2019occupe de ses morts, et je vous dirai, avec une raisonnable certitude, les sentiments d\u00e9licats de son peuple et sa fid\u00e9lit\u00e9 envers un id\u00e9al \u00e9lev\u00e9.\u00bb<\/em> Citation attribu\u00e9e \u00e0 <strong>William EWART<\/strong> <strong>GLADSTONE<\/strong>, homme politique britannique.<\/p><p>En ce jour du 7 avril 2020, qui marque la 26<sup>\u00e8me<\/sup> Comm\u00e9moration du G\u00e9nocide perp\u00e9tr\u00e9 contre les Tutsis du Rwanda en 1994, le R\u00e9seau International Recherche et G\u00e9nocide (RESIRG asbl) souhaite adresser le pr\u00e9sent message, en m\u00e9moire des victimes du g\u00e9nocide en cause.<\/p><p>Cette 26<sup>\u00e8me<\/sup> Comm\u00e9moration se d\u00e9roule pendant une p\u00e9riode difficile de confinement d\u00fb \u00e0 la pand\u00e9mie du Coronavirus.<\/p><p>Aujourd\u2019hui est aussi le moment de marquer une minute de silence, \u00e0 l\u2019endroit de celles et de ceux qui, il y a 26 ans, \u00e9taient confin\u00e9s, non pas suite \u00e0 une catastrophe d\u2019origine naturelle, mais en raison d\u2019un d\u00e9sastre d\u2019origine humaine dont ils ne devaient pas esp\u00e9rer sortir\u00a0: \u00eatre mis \u00e0 morts, parce que Tutsis, \u00eatre extermin\u00e9s, pour \u00eatre venus au monde.<\/p><p>Nous avons, r\u00e9cemment, eu l\u2019occasion d\u2019exprimer aussi bien notre hommage envers les victimes du Coronavirus que notre sympathie \u00e0 l\u2019adresse de leurs familles, de tous les patients comme de toutes les personnes confin\u00e9es de par le monde, ainsi que de celles ou de ceux qui sont impliqu\u00e9s dans la lutte quotidienne contre cette pand\u00e9mie.<\/p><p>Le R\u00e9seau International Recherche et G\u00e9nocide (RESIRG asbl) s\u2019est assign\u00e9 la mission de sensibiliser \u00e0 la recherche concernant le g\u00e9nocide perp\u00e9tr\u00e9 contre les Tutsis du Rwanda en 1994.<\/p><p>La recherche des racines du g\u00e9nocide implique, entre autres, l\u2019histoire des m\u00e9canismes g\u00e9nocidaires, l\u2019\u00e9tude des avatars de la r\u00e9vision et de la n\u00e9gation, le volet juridique et judiciaire des proc\u00e8s contre les g\u00e9nocidaires, en ce compris les fondements \u00e9thiques de la vell\u00e9it\u00e9 de lib\u00e9rer les g\u00e9nocidaires \u00e2g\u00e9s en prison.<\/p><p>Vingt-six ans apr\u00e8s l\u2019irr\u00e9parable, il convient d\u2019envisager des travaux de recherche ayant trait aux approches les plus innovantes sur la pr\u00e9servation de la m\u00e9moire des victimes de ce g\u00e9nocide, pour les g\u00e9n\u00e9rations futures. Les questions de la m\u00e9moire peuvent, notamment, \u00eatre li\u00e9es \u00e0 la sant\u00e9 mentale, qui prend une dimension particuli\u00e8re, en cette p\u00e9riode de confinement. Une r\u00e9flexion plus large sur l\u2019importance de la transmission du t\u00e9moignage, des rituels de comm\u00e9moration dans la reconstruction de vies bris\u00e9es, serait \u00e9galement utile.<\/p><p>En attendant un temps favorable aux rites collectifs, il n\u2019est pas impossible de comm\u00e9morer en p\u00e9riode de confinement. On se limitera, pour l\u2019heure, \u00e0 des comm\u00e9morations confin\u00e9es, restreintes \u00e0 l\u2019\u00e9chelle de la famille ou du m\u00e9nage.<\/p><p>Restons unis et solidaires, soutenons-nous les uns et les autres, mais, surtout, soutenons, le plus possible, celles et ceux d\u2019entre nous qui sont \u00e9prouv\u00e9s par cette pand\u00e9mie et par le confinement qui lui est li\u00e9.<\/p><p>Bon courage et bonne comm\u00e9moration des victimes du g\u00e9nocide\u00a0commis contre les Tutsis en 1994<\/p><p><strong>Fait \u00e0 Bruxelles, le 7 avril 2020<\/strong><\/p><p><strong>Pour le R\u00e9seau International Recherche et G\u00e9nocide (RESIRG asbl)<\/strong><\/p><p><strong>DEO MAZINA<\/strong><\/p>\t\t\t\t\t\t\t\t<\/div>\n\t\t\t\t<\/div>\n\t\t\t\t\t<\/div>\n\t\t<\/div>\n\t\t\t\t\t<\/div>\n\t\t<\/section>\n\t\t\t\t<section class=\"elementor-section elementor-top-section elementor-element elementor-element-f6dfe20 elementor-section-boxed elementor-section-height-default elementor-section-height-default\" data-id=\"f6dfe20\" data-element_type=\"section\">\n\t\t\t\t\t\t<div class=\"elementor-container elementor-column-gap-default\">\n\t\t\t\t\t<div class=\"elementor-column elementor-col-100 elementor-top-column elementor-element elementor-element-13cfd20\" data-id=\"13cfd20\" data-element_type=\"column\">\n\t\t\t<div class=\"elementor-widget-wrap elementor-element-populated\">\n\t\t\t\t\t\t<div class=\"elementor-element elementor-element-0fcea76 elementor-widget elementor-widget-text-editor\" data-id=\"0fcea76\" data-element_type=\"widget\" data-widget_type=\"text-editor.default\">\n\t\t\t\t<div class=\"elementor-widget-container\">\n\t\t\t\t\t\t\t\t\t<p>\u00a0<\/p><h3>Vestibulum lacinia arcu<\/h3><p>Quisque cursus, metus vitae pharetra auctor, sem massa mattis sem, at interdum magna augue eget diam. Vestibulum ante ipsum primis in faucibus orci luctus et ultrices posuere cubilia Curae; Morbi lacinia molestie dui. Praesent blandit dolor. Sed non quam. In vel mi sit amet augue congue elementum. Morbi in ipsum sit amet pede facilisis laoreet. Donec lacus nunc, viverra nec, blandit vel, egestas et, augue. Vestibulum tincidunt malesuada tellus. Ut ultrices ultrices enim. Curabitur sit amet mauris. Morbi in dui quis est pulvinar ullamcorper. Nulla facilisi.<\/p><blockquote><p>Integer lacinia sollicitudin massa. Cras metus. Sed aliquet risus a tortor. Integer id quam. Morbi mi. Quisque nisl felis, venenatis tristique, dignissim in, ultrices sit amet, augue. Proin sodales libero eget ante.<\/p><\/blockquote><p>Aenean lectus elit, fermentum non, convallis id, sagittis at, neque. Nullam mauris orci, aliquet et, iaculis et, viverra vitae, ligula. Nulla ut felis in purus aliquam imperdiet. Maecenas aliquet mollis lectus. Vivamus consectetuer risus et tortor. Lorem ipsum dolor sit amet, consectetur adipiscing elit. Integer nec odio. Praesent libero. Sed cursus ante dapibus diam. Sed nisi. Nulla quis sem at nibh elementum imperdiet. Duis sagittis ipsum.<\/p>\t\t\t\t\t\t\t\t<\/div>\n\t\t\t\t<\/div>\n\t\t\t\t\t<\/div>\n\t\t<\/div>\n\t\t\t\t\t<\/div>\n\t\t<\/section>\n\t\t\t\t<\/div>\n\t\t","protected":false},"excerpt":{"rendered":"<div class=\"mh-excerpt\"><p>26\u00e8me Comm\u00e9moration des victimes du G\u00e9nocide Commis contre les Tutsis en 1994 \u00ab Montrez-moi la fa\u00e7on dont une nation ou une soci\u00e9t\u00e9 s\u2019occupe de ses <a class=\"mh-excerpt-more\" href=\"https:\/\/resirg.org\/beta\/26eme-commemoration-des-victimes-du-genocide-commis-contre-les-tutsis-en-1994\/\" title=\"Communiqu\u00e9 du R\u00e9seau International Recherche et G\u00e9nocide (RESIRG asbl)\">[&#8230;]<\/a><\/p>\n<\/div>","protected":false},"author":1,"featured_media":803,"comment_status":"open","ping_status":"open","sticky":false,"template":"","format":"standard","meta":{"footnotes":""},"categories":[4],"tags":[6],"class_list":["post-229","post","type-post","status-publish","format-standard","has-post-thumbnail","hentry","category-actualites","tag-tricks"],"_links":{"self":[{"href":"https:\/\/resirg.org\/beta\/wp-json\/wp\/v2\/posts\/229","targetHints":{"allow":["GET"]}}],"collection":[{"href":"https:\/\/resirg.org\/beta\/wp-json\/wp\/v2\/posts"}],"about":[{"href":"https:\/\/resirg.org\/beta\/wp-json\/wp\/v2\/types\/post"}],"author":[{"embeddable":true,"href":"https:\/\/resirg.org\/beta\/wp-json\/wp\/v2\/users\/1"}],"replies":[{"embeddable":true,"href":"https:\/\/resirg.org\/beta\/wp-json\/wp\/v2\/comments?post=229"}],"version-history":[{"count":4,"href":"https:\/\/resirg.org\/beta\/wp-json\/wp\/v2\/posts\/229\/revisions"}],"predecessor-version":[{"id":802,"href":"https:\/\/resirg.org\/beta\/wp-json\/wp\/v2\/posts\/229\/revisions\/802"}],"wp:featuredmedia":[{"embeddable":true,"href":"https:\/\/resirg.org\/beta\/wp-json\/wp\/v2\/media\/803"}],"wp:attachment":[{"href":"https:\/\/resirg.org\/beta\/wp-json\/wp\/v2\/media?parent=229"}],"wp:term":[{"taxonomy":"category","embeddable":true,"href":"https:\/\/resirg.org\/beta\/wp-json\/wp\/v2\/categories?post=229"},{"taxonomy":"post_tag","embeddable":true,"href":"https:\/\/resirg.org\/beta\/wp-json\/wp\/v2\/tags?post=229"}],"curies":[{"name":"wp","href":"https:\/\/api.w.org\/{rel}","templated":true}]}}