{"id":227,"date":"2020-07-29T17:34:00","date_gmt":"2020-07-29T17:34:00","guid":{"rendered":"http:\/\/lawyer2.mythemecloud.io\/?p=227"},"modified":"2020-10-03T18:07:52","modified_gmt":"2020-10-03T18:07:52","slug":"la-colonisation-belge-et-le-genocide-des-tutsis-du-rwanda","status":"publish","type":"post","link":"https:\/\/resirg.org\/beta\/la-colonisation-belge-et-le-genocide-des-tutsis-du-rwanda\/","title":{"rendered":"Communiqu\u00e9 n\u00b0 006\/2020 du R\u00e9seau International Recherche et G\u00e9nocide (RESIRG asbl) LA COLONISATION BELGE ET LE GENOCIDE DES TUTSIS DU RWANDA Appel \u00e0 la poursuite de l\u2019examen de conscience"},"content":{"rendered":"<p><span style=\"color: #000000;\"><strong>\u00a0<\/strong><\/span><\/p>\n<p><span style=\"color: #000000;\"><strong>\u00a0<\/strong><\/span><\/p>\n<p><span style=\"color: #000000;\"><strong>\u00a0<\/strong><\/span><\/p>\n<p><span style=\"color: #000000;\">R\u00e9seau International Recherche \u00a0\u00a0\u00a0\u00a0\u00a0\u00a0\u00a0\u00a0\u00a0\u00a0\u00a0\u00a0\u00a0\u00a0\u00a0\u00a0\u00a0\u00a0\u00a0\u00a0\u00a0\u00a0\u00a0\u00a0\u00a0\u00a0\u00a0\u00a0\u00a0\u00a0\u00a0\u00a0\u00a0\u00a0\u00a0Bruxelles, le 29 Juillet 2020<\/span><\/p>\n<p><span style=\"color: #000000;\">et G\u00e9nocide (RESIRG asbl)<\/span><\/p>\n<p><span style=\"color: #000000;\">Avenue Jules BORDET 160\/16, 1140 EVERE<\/span><\/p>\n<p><span style=\"color: #000080;\">E-mail: <a style=\"color: #000080;\" href=\"mailto:info@resirg.org\">info@resirg.org<\/a> \/ <a style=\"color: #000080;\" href=\"mailto:resirgbe@yahoo.com\">resirgbe@yahoo.com<\/a><\/span><\/p>\n<p><span style=\"color: #000000;\"><span style=\"color: #000080;\">Web site: <\/span><a style=\"color: #000000;\" href=\"http:\/\/www.resirg.org\/\"><span style=\"color: #000080;\">http:\/\/www.resirg.org\/<\/span><\/a><\/span><\/p>\n<p><span style=\"color: #000000;\">Monsieur Patrick Dewael<\/span><\/p>\n<p><span style=\"color: #000000;\">Pr\u00e9sident du Parlement f\u00e9d\u00e9ral Chambre des repr\u00e9sentants<\/span><\/p>\n<p><span style=\"color: #000000;\">Place de la Nation 1<\/span><\/p>\n<p><span style=\"color: #000000;\">1008 Bruxelles<\/span><\/p>\n<p><span style=\"color: #000000;\"><strong><u>Concerne<\/u><\/strong><strong>\u00a0:<\/strong> La colonisation belge et le g\u00e9nocide des Tutsis du Rwanda &#8211; Proposition de collaboration avec la \u00ab\u00a0<strong>Commission V\u00e9rit\u00e9 et R\u00e9conciliation (CVR) <\/strong>\u00bb.<\/span><\/p>\n<p><span style=\"color: #000000;\">Monsieur le Pr\u00e9sident,<\/span><\/p>\n<p><span style=\"color: #000000;\">Le R\u00e9seau International Recherche et G\u00e9nocide (RESIRG asbl)<a style=\"color: #000000;\" href=\"#_ftn1\" name=\"_ftnref1\"><strong>[1]<\/strong><\/a> a l\u2019honneur de s\u2019adresser \u00e0 votre haute comp\u00e9tence, dans le but de saluer l\u2019initiative que vous avez prise de cr\u00e9er une\u00a0\u00a0\u00a0\u00a0\u00a0\u00a0\u00a0\u00a0\u00a0\u00a0\u00a0\u00a0\u00a0\u00a0 \u00a0&#8221; <strong>Commission V\u00e9rit\u00e9 et R\u00e9conciliation <\/strong>&#8220;, afin de mener une r\u00e9flexion approfondie et de formuler des recommandations sur la mani\u00e8re d&#8217;aborder le pass\u00e9 colonial belge en R\u00e9publique D\u00e9mocratique du Congo, au Rwanda et au Burundi, \u00e0 travers les valeurs d\u2019une m\u00e9moire partag\u00e9e.<\/span><\/p>\n<p><span style=\"color: #000000;\">Le R\u00e9seau International Recherche et G\u00e9nocide (RESIRG asbl) place beaucoup d\u2019espoir dans cette Commission, non seulement en ce qui concerne la r\u00e9flexion sur le pass\u00e9 colonial belge en g\u00e9n\u00e9ral, mais aussi ou surtout dans l\u2019\u00e9largissement de cette r\u00e9flexion, autant sur le plan \u00e9thique que sur le plan scientifique, au r\u00f4le de la Belgique, dans<strong> \u00ab\u00a0la gen\u00e8se du g\u00e9nocide perp\u00e9tr\u00e9 contre les Tutsis du Rwanda en 1994\u00a0\u00bb<\/strong>,\u00a0 et dans \u00ab\u00a0<strong>les troubles et les massacres<\/strong>\u00a0\u00bb qui l\u2019ont pr\u00e9c\u00e9d\u00e9, \u00e0 l\u2019approche de l\u2019ind\u00e9pendance, entre 1959 et 1962, alors m\u00eame que la Belgique \u00e9tait en charge de l\u2019administration du Rwanda.<\/span><\/p>\n<p><span style=\"color: #000000;\">Notre ASBL, dont la mission est essentiellement scientifique, voudrait vous proposer d\u2019y apporter le meilleur de sa contribution, plus particuli\u00e8rement \u00e0 l\u2019effet de la responsabilit\u00e9 scientifique\u00a0qui devra \u00eatre la sienne. Dans le respect de sa mission, et dans la mesure de ses moyens, le R\u00e9seau International Recherche et G\u00e9nocide (RESIRG asbl) entend se joindre aux autres acteurs, pour apporter sa modeste contribution aux travaux de ladite Commission.<\/span><\/p>\n<p><span style=\"color: #000000;\">RESIRG se f\u00e9licite d\u2019ailleurs que, par rapport au g\u00e9nocide des Tutsis, la Belgique ait, d\u00e9j\u00e0, balis\u00e9 le terrain, \u00e0 travers les discours de certains de ses hauts responsables politiques\u00a0:<\/span><\/p>\n<p><span style=\"color: #000000;\">Le 7 avril 2000, en effet, au M\u00e9morial de GISOZI, \u00e0 Kigali, lors de la 6<sup>\u00e8me<\/sup> Comm\u00e9moration de plus d\u2019un million de victimes de ce g\u00e9nocide, <strong>Monsieur Guy VERHOFSTADT<\/strong>, le Premier Ministre de l\u2019\u00e9poque, d\u00e9clarait, entre autres\u00a0: <em>\u00ab\u00a0(\u2026) J&#8217;assume ici, devant vous, la responsabilit\u00e9 de mon pays. (\u2026) La Belgique et la communaut\u00e9 internationale doivent reconna\u00eetre les erreurs commises.\u00a0(\u2026) Au nom de mon pays, au nom de mon peuple, je vous demande pardon.\u00a0\u00bb <\/em><\/span><\/p>\n<p><span style=\"color: #000000;\">Le 4 avril 2016, \u00e0 Tournai, la responsabilit\u00e9 morale et le mea culpa de la Belgique sont encore rappel\u00e9<strong>s<\/strong> par <strong>Monsieur Rudy DEMOTTE<\/strong>, alors Ministre Pr\u00e9sident de la F\u00e9d\u00e9ration Wallonie-Bruxelles, lors de l\u2019exposition sur \u2018\u2019 <strong>Les cent jours du g\u00e9nocide des Tutsis en 1994<\/strong>\u2019\u2019\u00a0: <em>\u00ab (\u2026) L\u2019horreur qu\u2019a travers\u00e9e le Rwanda d\u00e9montre une nouvelle fois tous les ravages produits par la colonisation. En voulant donner des le\u00e7ons de pr\u00e9tendue civilisation, la Belgique a clairement d\u00e9structur\u00e9, au d\u00e9but du si\u00e8cle dernier, votre soci\u00e9t\u00e9 en la racialisant. C\u2019est aussi la Belgique, avec son arm\u00e9e, qui installa la premi\u00e8re r\u00e9publique rwandaise en 1962, au prix de milliers de morts et de centaines de milliers d\u2019exil\u00e9s tutsi. (\u2026) C\u2019est pourquoi, aujourd\u2019hui plus que jamais, au nom de mon pays, je vous pr\u00e9sente mes excuses. \u00bb<\/em><\/span><\/p>\n<p><span style=\"color: #000000;\">RESIRG esp\u00e8re donc qu\u2019un travail approfondi permettra de mieux comprendre le r\u00f4le crucial qu\u2019a jou\u00e9 la Belgique dans <strong>\u00ab la gen\u00e8se de ce\u00a0crime des crimes<\/strong> \u00bb, lui permettra d\u2019amorcer la r\u00e9paration, au moins symbolique, de ce lourd pass\u00e9, et de pr\u00e9parer l\u2019avenir, \u00e0 travers, notamment, l\u2019inscription de la v\u00e9rit\u00e9 historique dans nos syst\u00e8mes \u00e9ducatifs, par-del\u00e0 son inscription dans tous les textes fondamentaux \u00e0 venir.<\/span><\/p>\n<p><span style=\"color: #000000;\">Veuillez agr\u00e9er, Monsieur le Pr\u00e9sident, l\u2019expression de notre tr\u00e8s haute consid\u00e9ration.<\/span><\/p>\n<p><span style=\"color: #000000;\"><strong>Pour le R\u00e9seau International Recherche &amp; G\u00e9nocide (RESIRG asbl) <\/strong><\/span><\/p>\n<p><span style=\"color: #000000;\"><strong>D\u00e9ogratias MAZINA, Pr\u00e9sident<\/strong><\/span><\/p>\n<p><span style=\"color: #000000;\"><a style=\"color: #000000;\" href=\"#_ftnref1\" name=\"_ftn1\"><em><strong>[1]<\/strong><\/em><\/a><em> Le R\u00e9seau International Recherche et G\u00e9nocide (RESIRG asbl) est une Association Sans But Lucratif de droit belge. <strong>F<\/strong>ond\u00e9e, de fait, le 9 juin 2013, elle a obtenu sa personnalit\u00e9 juridique le 13 mai 2020, sous le n\u00b0 0726593544. RESIRG a pour objectif de d\u00e9velopper et de promouvoir la recherche, l\u2019information et l\u2019\u00e9ducation, dans leur rapport avec le g\u00e9nocide perp\u00e9tr\u00e9 contre les Tutsis du Rwanda en 1994,<\/em> <em>ou avec tout autre g\u00e9nocide reconnu par les instances habilit\u00e9es de la communaut\u00e9 internationale. On aura compris, entre autres, que le combat contre le n\u00e9gationnisme, l\u2019extr\u00e9misme radical, le racisme et la discrimination, que la promotion du respect de la diversit\u00e9 et du droit\u00a0de chacun \u00e0 la vie et \u00e0 la dignit\u00e9, sont, pour RESIRG, les ma\u00eetres-mots.<\/em><\/span><\/p>\n","protected":false},"excerpt":{"rendered":"<div class=\"mh-excerpt\"><p>\u00a0 \u00a0 \u00a0 R\u00e9seau International Recherche \u00a0\u00a0\u00a0\u00a0\u00a0\u00a0\u00a0\u00a0\u00a0\u00a0\u00a0\u00a0\u00a0\u00a0\u00a0\u00a0\u00a0\u00a0\u00a0\u00a0\u00a0\u00a0\u00a0\u00a0\u00a0\u00a0\u00a0\u00a0\u00a0\u00a0\u00a0\u00a0\u00a0\u00a0\u00a0Bruxelles, le 29 Juillet 2020 et G\u00e9nocide (RESIRG asbl) Avenue Jules BORDET 160\/16, 1140 EVERE E-mail: info@resirg.org \/ resirgbe@yahoo.com <a class=\"mh-excerpt-more\" href=\"https:\/\/resirg.org\/beta\/la-colonisation-belge-et-le-genocide-des-tutsis-du-rwanda\/\" title=\"Communiqu\u00e9 n\u00b0 006\/2020 du R\u00e9seau International Recherche et G\u00e9nocide (RESIRG asbl) LA COLONISATION BELGE ET LE GENOCIDE DES TUTSIS DU RWANDA Appel \u00e0 la poursuite de l\u2019examen de conscience\">[&#8230;]<\/a><\/p>\n<\/div>","protected":false},"author":1,"featured_media":800,"comment_status":"open","ping_status":"open","sticky":false,"template":"","format":"standard","meta":{"footnotes":""},"categories":[4],"tags":[6],"class_list":["post-227","post","type-post","status-publish","format-standard","has-post-thumbnail","hentry","category-actualites","tag-tricks"],"_links":{"self":[{"href":"https:\/\/resirg.org\/beta\/wp-json\/wp\/v2\/posts\/227","targetHints":{"allow":["GET"]}}],"collection":[{"href":"https:\/\/resirg.org\/beta\/wp-json\/wp\/v2\/posts"}],"about":[{"href":"https:\/\/resirg.org\/beta\/wp-json\/wp\/v2\/types\/post"}],"author":[{"embeddable":true,"href":"https:\/\/resirg.org\/beta\/wp-json\/wp\/v2\/users\/1"}],"replies":[{"embeddable":true,"href":"https:\/\/resirg.org\/beta\/wp-json\/wp\/v2\/comments?post=227"}],"version-history":[{"count":3,"href":"https:\/\/resirg.org\/beta\/wp-json\/wp\/v2\/posts\/227\/revisions"}],"predecessor-version":[{"id":861,"href":"https:\/\/resirg.org\/beta\/wp-json\/wp\/v2\/posts\/227\/revisions\/861"}],"wp:featuredmedia":[{"embeddable":true,"href":"https:\/\/resirg.org\/beta\/wp-json\/wp\/v2\/media\/800"}],"wp:attachment":[{"href":"https:\/\/resirg.org\/beta\/wp-json\/wp\/v2\/media?parent=227"}],"wp:term":[{"taxonomy":"category","embeddable":true,"href":"https:\/\/resirg.org\/beta\/wp-json\/wp\/v2\/categories?post=227"},{"taxonomy":"post_tag","embeddable":true,"href":"https:\/\/resirg.org\/beta\/wp-json\/wp\/v2\/tags?post=227"}],"curies":[{"name":"wp","href":"https:\/\/api.w.org\/{rel}","templated":true}]}}