{"id":225,"date":"2020-07-29T14:34:00","date_gmt":"2020-07-29T14:34:00","guid":{"rendered":"http:\/\/lawyer2.mythemecloud.io\/?p=225"},"modified":"2020-08-10T15:42:49","modified_gmt":"2020-08-10T15:42:49","slug":"communique-n-006-2020-du-reseau-international-recherche-et-genocide-resirg-asbl","status":"publish","type":"post","link":"https:\/\/resirg.org\/beta\/communique-n-006-2020-du-reseau-international-recherche-et-genocide-resirg-asbl\/","title":{"rendered":"LA COLONISATION BELGE ET LE GENOCIDE DES TUTSIS DU RWANDA"},"content":{"rendered":"<p><strong>\u00a0<\/strong>R\u00e9seau International Recherche et G\u00e9nocide (RESIRG asbl)<\/p>\n<p>Avenue Jules BORDET 160\/16, 1140 EVERE<\/p>\n<p>T\u00e9l : +32 497 02 03 23<\/p>\n<p>E-mail: <a href=\"mailto:info@resirg.org\">info@resirg.org<\/a>\u00a0 \/\u00a0 <a href=\"mailto:resirgbe@yahoo.com\">resirgbe@yahoo.com<\/a><\/p>\n<p>Web site: <a href=\"http:\/\/www.resirg.org\/\">http:\/\/www.resirg.org\/<\/a><\/p>\n<p><em>Communiqu\u00e9 n\u00b0 006\/2020 du R\u00e9seau International Recherche et G\u00e9nocide (RESIRG asbl)<\/em><\/p>\n<p><strong>La colonisation belge et le g\u00e9nocide des Tutsis du Rwanda<\/strong><\/p>\n<p><em>Appel \u00e0 la poursuite de l\u2019examen de conscience<\/em><\/p>\n<p>Nous, co-fondateurs du R\u00e9seau International Recherche et G\u00e9nocide (RESIRG asbl), saluons la d\u00e9claration de <strong>Sa Majest\u00e9 le Roi Philippe<\/strong>, qui a exprim\u00e9 ses <em>&#8220;<strong>plus profonds regrets<\/strong><\/em>&#8220;, pour les &#8220;<strong><em>actes de violence<\/em><\/strong>&#8221; et pour les <em>&#8220;<strong>souffrances<\/strong><\/em>&#8221; que la Belgique a inflig\u00e9s au Congo, pendant la p\u00e9riode de la colonisation.<\/p>\n<p>Le R\u00e9seau International Recherche et G\u00e9nocide (RESIRG asbl) accueille, \u00e9galement, avec satisfaction, l\u2019initiative de la cr\u00e9ation d\u2019une &#8221; <strong>Commission V\u00e9rit\u00e9 et R\u00e9conciliation (CVR)<\/strong>&#8221; commandit\u00e9e\u00a0par le Parlement f\u00e9d\u00e9ral aupr\u00e8s du Mus\u00e9e Royal d&#8217;Afrique Centrale et aupr\u00e8s des Archives de l\u2019Etat, afin de mener une r\u00e9flexion approfondie sur le pass\u00e9 colonial de la Belgique en R\u00e9publique D\u00e9mocratique du Congo, au Rwanda et au Burundi.<\/p>\n<p>RESIRG place beaucoup d\u2019espoir dans l\u2019examen de conscience attendu, autant sur le plan \u00e9thique que sur le plan scientifique, non seulement en ce qui concerne le pass\u00e9 colonial belge en g\u00e9n\u00e9ral, mais aussi et surtout dans l\u2019\u00e9largissement de cette r\u00e9flexion au r\u00f4le de la Belgique dans \u00ab\u00a0<strong>la gen\u00e8se du g\u00e9nocide perp\u00e9tr\u00e9 contre les Tutsis du Rwanda\u00a0en 1994<\/strong>\u00bb, et dans \u00ab\u00a0<strong>les troubles et les massacres<\/strong>\u00a0\u00bb qui l\u2019ont pr\u00e9c\u00e9d\u00e9, \u00e0 l\u2019approche de l\u2019ind\u00e9pendance entre 1959 et 1962, alors m\u00eame que la Belgique \u00e9tait en charge de l\u2019administration du Rwanda. Notre ASBL, dont la mission est essentiellement scientifique, propose d\u2019apporter \u00e0 cette Commission, le meilleur de sa contribution, plus particuli\u00e8rement \u00e0 l\u2019effet de la responsabilit\u00e9 scientifique\u00a0qui devra \u00eatre la sienne.<\/p>\n<p>RESIRG se f\u00e9licite d\u2019ailleurs que, par rapport au g\u00e9nocide des Tutsis, la Belgique ait d\u00e9j\u00e0, balis\u00e9 le terrain, \u00e0 travers les discours de certains de ses hauts responsables politiques.<\/p>\n<p>Le 7 avril 2000, en effet, au M\u00e9morial de GISOZI, \u00e0 Kigali, lors de la 6<sup>\u00e8me<\/sup> Comm\u00e9moration de plus d\u2019un million de victimes de ce g\u00e9nocide, <strong>Monsieur Guy VERHOFSTADT<\/strong>, le Premier Ministre de l\u2019\u00e9poque, d\u00e9clarait, entre autres\u00a0: <em>\u00ab\u00a0(\u2026) J&#8217;assume ici, devant vous, la responsabilit\u00e9 de mon pays, des autorit\u00e9s politiques et militaires belges.\u00a0La Belgique \u00e9tait au c\u0153ur de l&#8217;op\u00e9ration onusienne. C&#8217;est sous ses yeux que le g\u00e9nocide commen\u00e7a. La Belgique et la communaut\u00e9 internationale doivent reconna\u00eetre les erreurs commises\u2026 \u00bb.<\/em><\/p>\n<p>Le 4 avril 2016, \u00e0 Tournai, la responsabilit\u00e9 morale et le mea culpa de la Belgique, surtout en r\u00e9f\u00e9rence \u00e0 la p\u00e9riode coloniale et aux massacres de 1959-1962, sont encore rappel\u00e9s par <strong>Monsieur Rudy DEMOTTE<\/strong>, alors Ministre Pr\u00e9sident de la F\u00e9d\u00e9ration Wallonie-Bruxelles, lors de l\u2019exposition sur &#8220;<strong>Les cent jours du g\u00e9nocide des Tutsis en 1994<\/strong>\u2019\u2019 : <em>\u00ab (\u2026) L\u2019horreur qu\u2019a travers\u00e9e le Rwanda d\u00e9montre une nouvelle fois tous les ravages produits par la colonisation. En voulant donner des le\u00e7ons de pr\u00e9tendue civilisation, la Belgique a clairement d\u00e9structur\u00e9, au d\u00e9but du si\u00e8cle dernier, votre soci\u00e9t\u00e9 en la racialisant. (\u2026) C\u2019est aussi la Belgique, avec son arm\u00e9e, qui installa la premi\u00e8re r\u00e9publique rwandaise en 1962, au prix de milliers de morts et de centaines de milliers d\u2019exil\u00e9s tutsi. Les pers\u00e9cutions des r\u00e9fugi\u00e9s tutsi qui voulaient rentrer dans leur pays furent d\u2019ailleurs comment\u00e9es \u00e0 l\u2019\u00e9poque par Bertrand Russell, un des grands esprits du 20\u00e8me si\u00e8cle, \u00ab comme le massacre humain syst\u00e9matique le plus horrible qui ait eu lieu depuis l\u2019extermination des Juifs par les Nazis. \u00bb (\u2026) C\u2019est pourquoi, aujourd\u2019hui plus que jamais, au nom de mon pays, je vous pr\u00e9sente mes excuses. \u00bb<\/em><\/p>\n<p>RESIRG esp\u00e8re qu\u2019un travail approfondi permettra de mieux comprendre le r\u00f4le crucial qu\u2019a jou\u00e9 la Belgique dans <strong>la gen\u00e8se de ce \u00ab\u00a0crime des crimes<\/strong> \u00bb, lui permettra d\u2019amorcer la r\u00e9paration, au moins symbolique, de ce lourd pass\u00e9, et de pr\u00e9parer l\u2019avenir, \u00e0 travers, notamment, l\u2019inscription de la v\u00e9rit\u00e9 historique dans nos syst\u00e8mes \u00e9ducatifs, par-del\u00e0 son inscription dans tous les textes fondamentaux \u00e0 venir.<\/p>\n<p>Nous esp\u00e9rons que le travail de la CVR permettra de renforcer la pr\u00e9servation d\u2019une m\u00e9moire universelle pour ses victimes, tout en rassurant les survivants de cette horreur, par des r\u00e9parations multiformes, utiles \u00e0 leur reconstruction.<\/p>\n<p>Dans le respect de sa mission, et dans la mesure de ses moyens, le R\u00e9seau International Recherche et G\u00e9nocide (RESIRG asbl) se d\u00e9clare pr\u00eat \u00e0 se joindre aux autres acteurs, pour apporter sa modeste contribution aux travaux de ladite Commission.<\/p>\n<p><strong>\u00a0<\/strong><\/p>\n<p><strong>Fait \u00e0 Bruxelles, le 29 Juillet 2020.<\/strong><\/p>\n<p><strong>Pour le R\u00e9seau International Recherche &amp; G\u00e9nocide (RESIRG asbl)<\/strong><\/p>\n<p><strong>D\u00e9ogratias MAZINA, Pr\u00e9sident<\/strong><\/p>\n","protected":false},"excerpt":{"rendered":"<div class=\"mh-excerpt\"><p>\u00a0R\u00e9seau International Recherche et G\u00e9nocide (RESIRG asbl) Avenue Jules BORDET 160\/16, 1140 EVERE T\u00e9l : +32 497 02 03 23 E-mail: info@resirg.org\u00a0 \/\u00a0 resirgbe@yahoo.com Web <a class=\"mh-excerpt-more\" href=\"https:\/\/resirg.org\/beta\/communique-n-006-2020-du-reseau-international-recherche-et-genocide-resirg-asbl\/\" title=\"LA COLONISATION BELGE ET LE GENOCIDE DES TUTSIS DU RWANDA\">[&#8230;]<\/a><\/p>\n<\/div>","protected":false},"author":1,"featured_media":806,"comment_status":"open","ping_status":"open","sticky":false,"template":"","format":"standard","meta":{"footnotes":""},"categories":[4],"tags":[6],"class_list":["post-225","post","type-post","status-publish","format-standard","has-post-thumbnail","hentry","category-actualites","tag-tricks"],"_links":{"self":[{"href":"https:\/\/resirg.org\/beta\/wp-json\/wp\/v2\/posts\/225","targetHints":{"allow":["GET"]}}],"collection":[{"href":"https:\/\/resirg.org\/beta\/wp-json\/wp\/v2\/posts"}],"about":[{"href":"https:\/\/resirg.org\/beta\/wp-json\/wp\/v2\/types\/post"}],"author":[{"embeddable":true,"href":"https:\/\/resirg.org\/beta\/wp-json\/wp\/v2\/users\/1"}],"replies":[{"embeddable":true,"href":"https:\/\/resirg.org\/beta\/wp-json\/wp\/v2\/comments?post=225"}],"version-history":[{"count":1,"href":"https:\/\/resirg.org\/beta\/wp-json\/wp\/v2\/posts\/225\/revisions"}],"predecessor-version":[{"id":805,"href":"https:\/\/resirg.org\/beta\/wp-json\/wp\/v2\/posts\/225\/revisions\/805"}],"wp:featuredmedia":[{"embeddable":true,"href":"https:\/\/resirg.org\/beta\/wp-json\/wp\/v2\/media\/806"}],"wp:attachment":[{"href":"https:\/\/resirg.org\/beta\/wp-json\/wp\/v2\/media?parent=225"}],"wp:term":[{"taxonomy":"category","embeddable":true,"href":"https:\/\/resirg.org\/beta\/wp-json\/wp\/v2\/categories?post=225"},{"taxonomy":"post_tag","embeddable":true,"href":"https:\/\/resirg.org\/beta\/wp-json\/wp\/v2\/tags?post=225"}],"curies":[{"name":"wp","href":"https:\/\/api.w.org\/{rel}","templated":true}]}}