{"id":203,"date":"2020-11-10T17:03:00","date_gmt":"2020-11-10T17:03:00","guid":{"rendered":"http:\/\/lawyer2.mythemecloud.io\/?p=203"},"modified":"2020-11-11T13:20:18","modified_gmt":"2020-11-11T13:20:18","slug":"cras-metus-sed-aliquet-risus-a-tortor","status":"publish","type":"post","link":"https:\/\/resirg.org\/beta\/cras-metus-sed-aliquet-risus-a-tortor\/","title":{"rendered":"Communiqu\u00e9 n\u00b0 007\/2020 du R\u00e9seau International Recherche et G\u00e9nocide (RESIRG asbl) sur la rencontre avec l\u2019Ambassadeur du Rwanda en Belgique"},"content":{"rendered":"<p>Ce vendredi 6 novembre 2020, \u00e0 11h 00 du matin, S.E.M Dieudonn\u00e9 Sebashongore, Ambassadeur du Rwanda en Belgique et aupr\u00e8s de l\u2019Union europ\u00e9enne, entour\u00e9 du Premier Secr\u00e9taire, Monsieur Gustave Ntwaramuheto, a re\u00e7u, au si\u00e8ge de l\u2019Ambassade (Rwanda House), les repr\u00e9sentants du R\u00e9seau International Recherche et G\u00e9nocide (RESIRG asbl).<\/p>\n<p>La rencontre avait, pour objet, de faire connaissance avec le nouvel Ambassadeur, de lui pr\u00e9senter les objectifs, les activit\u00e9s et les perspectives de RESIRG, ainsi que de discuter d&#8217;une \u00e9ventuelle collaboration.<\/p>\n<p>A l\u2019issue des \u00e9changes, qui ont dur\u00e9 \u00e0 peu pr\u00e8s deux heures, S.E.M. l\u2019Ambassadeur du Rwanda en Belgique a promis de soutenir RESIRG, ce R\u00e9seau International Recherche et G\u00e9nocide, une ASBL de droit belge. S.E.M. l\u2019Ambassadeur a salu\u00e9 les valeurs port\u00e9es par RESIRG, dans leur rapport au g\u00e9nocide qui a \u00e9t\u00e9 perp\u00e9tr\u00e9 au Rwanda contre les Tutsis en 1994.<\/p>\n<p>Des efforts particuliers, doivent, notamment, \u00eatre orient\u00e9s vers les projets destin\u00e9s \u00e0 informer, \u00e0 \u00e9duquer et \u00e0 sensibiliser la jeune g\u00e9n\u00e9ration, sur son r\u00f4le dans la construction d\u2019un Rwanda plus autonome, plus \u00e9conomiquement, plus politiquement et plus culturellement ind\u00e9pendant. Il faut construire un Rwanda qui ne fait pas figure de mendiant international. S.E.M. le Pr\u00e9sident de la R\u00e9publique ne cesse pas de nous y interpeller.<\/p>\n<p>A leur tour, les repr\u00e9sentants de RESIRG ont r\u00e9affirm\u00e9 leur disposition et leur ferme volont\u00e9, de contribuer au d\u00e9veloppement du Rwanda et \u00e0 toute autre initiative destin\u00e9e \u00e0 promouvoir le bien-\u00eatre des Rwandais. Les repr\u00e9sentants de RESIRG ont profit\u00e9 de l\u2019occasion pour remercier S.E.M. l\u2019Ambassadeur et ses proches collaborateurs, pour la qualit\u00e9 de leur accueil.<\/p>\n<p><strong>Fait \u00e0 Bruxelles, le 07 novembre 2020<\/strong><\/p>\n<p><strong>Pour le R\u00e9seau International Recherche &amp; G\u00e9nocide (RESIRG asbl)<\/strong><\/p>\n<p><strong>D\u00e9ogratias MAZINA, President<\/strong><\/p>\n","protected":false},"excerpt":{"rendered":"<div class=\"mh-excerpt\"><p>Ce vendredi 6 novembre 2020, \u00e0 11h 00 du matin, S.E.M Dieudonn\u00e9 Sebashongore, Ambassadeur du Rwanda en Belgique et aupr\u00e8s de l\u2019Union europ\u00e9enne, entour\u00e9 du <a class=\"mh-excerpt-more\" href=\"https:\/\/resirg.org\/beta\/cras-metus-sed-aliquet-risus-a-tortor\/\" title=\"Communiqu\u00e9 n\u00b0 007\/2020 du R\u00e9seau International Recherche et G\u00e9nocide (RESIRG asbl) sur la rencontre avec l\u2019Ambassadeur du Rwanda en Belgique\">[&#8230;]<\/a><\/p>\n<\/div>","protected":false},"author":1,"featured_media":864,"comment_status":"open","ping_status":"open","sticky":false,"template":"","format":"standard","meta":{"footnotes":""},"categories":[4],"tags":[6],"class_list":["post-203","post","type-post","status-publish","format-standard","has-post-thumbnail","hentry","category-actualites","tag-tricks"],"_links":{"self":[{"href":"https:\/\/resirg.org\/beta\/wp-json\/wp\/v2\/posts\/203","targetHints":{"allow":["GET"]}}],"collection":[{"href":"https:\/\/resirg.org\/beta\/wp-json\/wp\/v2\/posts"}],"about":[{"href":"https:\/\/resirg.org\/beta\/wp-json\/wp\/v2\/types\/post"}],"author":[{"embeddable":true,"href":"https:\/\/resirg.org\/beta\/wp-json\/wp\/v2\/users\/1"}],"replies":[{"embeddable":true,"href":"https:\/\/resirg.org\/beta\/wp-json\/wp\/v2\/comments?post=203"}],"version-history":[{"count":4,"href":"https:\/\/resirg.org\/beta\/wp-json\/wp\/v2\/posts\/203\/revisions"}],"predecessor-version":[{"id":867,"href":"https:\/\/resirg.org\/beta\/wp-json\/wp\/v2\/posts\/203\/revisions\/867"}],"wp:featuredmedia":[{"embeddable":true,"href":"https:\/\/resirg.org\/beta\/wp-json\/wp\/v2\/media\/864"}],"wp:attachment":[{"href":"https:\/\/resirg.org\/beta\/wp-json\/wp\/v2\/media?parent=203"}],"wp:term":[{"taxonomy":"category","embeddable":true,"href":"https:\/\/resirg.org\/beta\/wp-json\/wp\/v2\/categories?post=203"},{"taxonomy":"post_tag","embeddable":true,"href":"https:\/\/resirg.org\/beta\/wp-json\/wp\/v2\/tags?post=203"}],"curies":[{"name":"wp","href":"https:\/\/api.w.org\/{rel}","templated":true}]}}