{"id":1108,"date":"2024-04-07T08:36:57","date_gmt":"2024-04-07T08:36:57","guid":{"rendered":"https:\/\/resirg.org\/beta\/?p=1108"},"modified":"2024-04-07T08:36:57","modified_gmt":"2024-04-07T08:36:57","slug":"communique-de-resirg-a-loccasion-de-la-30eme-commemoration-des-victimes-du-genocide-perpetre-contre-les-tutsis-du-rwanda","status":"publish","type":"post","link":"https:\/\/resirg.org\/beta\/communique-de-resirg-a-loccasion-de-la-30eme-commemoration-des-victimes-du-genocide-perpetre-contre-les-tutsis-du-rwanda\/","title":{"rendered":"Communiqu\u00e9 de RESIRG \u00e0 l\u2019occasion de la 30\u00e8me Comm\u00e9moration des victimes du G\u00e9nocide perp\u00e9tr\u00e9 contre les Tutsis du Rwanda"},"content":{"rendered":"\n<p><\/p>\n\n\n\n<p>R\u00e9seau International Recherche et G\u00e9nocide (RESIRG asbl)<\/p>\n\n\n\n<p>Avenue Louise 290<\/p>\n\n\n\n<p>T\u00e9l : +32 497 02 03 23<\/p>\n\n\n\n<p>E-mail: <a href=\"mailto:info@resirg.org\">info@resirg.org<\/a> ou <a href=\"mailto:resirgbe@yahoo.com\">resirgbe@yahoo.com<\/a><\/p>\n\n\n\n<p>Website: <a href=\"http:\/\/www.resirg.org\/\">http:\/\/www.resirg.org\/<\/a><\/p>\n\n\n\n<p>N\u00b0 d\u2019entreprise : 0726593544<\/p>\n\n\n\n<p><strong>Communiqu\u00e9 de RESIRG \u00e0 l\u2019occasion de la 30<sup>\u00e8me<\/sup> Comm\u00e9moration des victimes du G\u00e9nocide perp\u00e9tr\u00e9 contre les Tutsis du Rwanda<\/strong><\/p>\n\n\n\n<p>Il y a trente ans, le monde assistait \u00e0 un g\u00e9nocide qui, aujourd\u2019hui, ne fait plus l\u2019objet d\u2019un d\u00e9bat d\u2019identification. Apr\u00e8s trente ans, nous ne devons jamais oublier que plus d&#8217;un million d&#8217;hommes, de femmes, mais aussi d&#8217;enfants tutsis ont \u00e9t\u00e9 assassin\u00e9s entre le 7 avril et le 4 juillet 1994. Tous p\u00e9rirent cons\u00e9cutivement \u00e0 une politique d\u00e9lib\u00e9r\u00e9ment g\u00e9nocidaire, sous le regard indiff\u00e9rent des plus hauts responsables de la communaut\u00e9 internationale, \u00e0 travers notamment la MINUAR (Mission des Nations Unies pour l\u2019Assistance au Rwanda).<\/p>\n\n\n\n<p>Il aura fallu l\u2019h\u00e9ro\u00efsme du Front Patriotique Rwandais (FPR) pour arr\u00eater ce g\u00e9nocide, sauver les rares survivants qui pouvaient encore l&#8217;\u00eatre et r\u00e9tablir la paix et la s\u00e9curit\u00e9 pour tous. Trente ans apr\u00e8s, force est de rappeler qu\u2019on ne doit jamais rester silencieux, quand se profilent des situations d\u2019injustices, bien avant que ne soit commis l\u2019irr\u00e9parable.<\/p>\n\n\n\n<p>Ces \u00e9v\u00e8nements tragiques nous rappellent combien le discours de haine incite \u00e0 la violence, sape la tol\u00e9rance et donc la coh\u00e9sion sociale. Pouss\u00e9 \u00e0 ses extr\u00eames limites, il peut aboutir au paroxysme du g\u00e9nocide. L&#8217;effet g\u00e9nocidaire de la haine n&#8217;est malheureusement pas nouveau, mais son ampleur et son impact sont aujourd&#8217;hui amplifi\u00e9s par les nouvelles technologies de la communication. Tel fut, progressivement, le cas au Rwanda, sur la longue dur\u00e9e de 1959 \u00e0 1994.<\/p>\n\n\n\n<p><a>\u00c0 l\u2019heure de la mont\u00e9e des discours de haine et des extr\u00e9mismes \u00e0 travers le monde, en Am\u00e9rique, en Europe, au Moyen-Orient ou en Asie, etc., il faudrait condamner le racisme sous toutes ses formes, ainsi que toute autre forme de haine et de discrimination. L\u2019histoire tragique du g\u00e9nocide des Arm\u00e9niens, <\/a>du g\u00e9nocide&nbsp; des Juifs, et du g\u00e9nocide&nbsp; des Tutsis du Rwanda devrait nous servir d&#8217;avertissement, comme en avise Yves Ternon, qui \u00e9nonce et d\u00e9nonce \u00e9galement le n\u00e9gationnisme dont ces crimes irr\u00e9parables sont indissolublement tiss\u00e9s. Quel que soit le continent consid\u00e9r\u00e9, les effets corrosifs du r\u00e9visionnisme et du n\u00e9gationnisme de ces crimes sur la m\u00e9moire et sur la coh\u00e9sion sociale atteignent, de nos jours, un niveau alarmant.<\/p>\n\n\n\n<p>La 30\u00e8me Comm\u00e9moration des victimes du g\u00e9nocide anti-tutsi intervient pendant que la guerre fait des ravages en R\u00e9publique D\u00e9mocratique du Congo (RDC), o\u00f9 nous voyons des massacres de masse aux relents g\u00e9nocidaires, dont l\u2019origine historique nous fait remonter au g\u00e9nocide commis contre les Tutsis au Rwanda en 1994. La&nbsp;r\u00e9surgence du&nbsp;discours n\u00e9gationniste et de haine conduit \u00e0 l\u2019assassinat de Tutsis Rwandophones Congolais, de Banyamulenge et de Hema, pour la seule raison, leur origine ethnique r\u00e9elle ou suppos\u00e9e.<\/p>\n\n\n\n<p>La lenteur et, par moments, l\u2019ambigu\u00eft\u00e9 des mesures prises par l&#8217;Organisation des Nations unies, par l\u2019Union europ\u00e9enne, et par l\u2019Union africaine ne sont pas de nature \u00e0 permettre de trouver une solution politique \u00e0 l\u2019est du Congo et \u00e0 d\u00e9courager les porteurs du projet d\u2019extermination.<\/p>\n\n\n\n<p>De tels crimes vont \u00e0 l&#8217;encontre des valeurs les plus fondamentales&nbsp;port\u00e9es par l&#8217;humanit\u00e9. Les auteurs de tels actes doivent en \u00eatre pr\u00e9venus, traduits devant les tribunaux et, le cas \u00e9ch\u00e9ant, en \u00eatre sanctionn\u00e9s, pour le plus grand effet positif d\u2019exemplarit\u00e9.<\/p>\n\n\n\n<p>Ces \u00e9v\u00e8nements interviennent au moment o\u00f9 l&#8217;Organisation des Nations unies pour l&#8217;\u00e9ducation, la science et la culture (UNESCO), cet organe \u00e9thique, scientifique et de veille strat\u00e9gique de la communaut\u00e9 internationale, vient d\u2019inscrire quatre m\u00e9moriaux des victimes du g\u00e9nocide des Tutsis au patrimoine mondial de l\u2019humanit\u00e9.<\/p>\n\n\n\n<p>Prenant, \u00e0 nouveau, toute la mesure de ses responsabilit\u00e9s, \u00e0 la faveur de cette 30<sup>\u00e8me<\/sup>&nbsp;comm\u00e9moration, le R\u00e9seau International Recherche et G\u00e9nocide (RESIRG Asbl), tient \u00e0 souligner l&#8217;importance de travaux recherche pouvant aller jusqu\u2019aux questions sp\u00e9ciales et approfondies sur le g\u00e9nocide et sur les crimes contre l\u2019humanit\u00e9. RESIRG tient, par ailleurs, \u00e0 la promotion des syst\u00e8mes \u00e9ducatifs qui ouvrent sur la tol\u00e9rance et sur l\u2019amiti\u00e9 entre les peuples et au sein des populations.<\/p>\n\n\n\n<p>RESIRG s\u2019engage \u00e9galement \u00e0 poursuivre ce travail de v\u00e9rit\u00e9, d\u2019\u00e9ducation et de sensibilisation sur les diff\u00e9rentes facettes des crimes de g\u00e9nocide. Nous entendons, notamment continuer \u00e0 contribuer aux travaux de recherche, initi\u00e9s par le colloque international qui s\u2019est d\u00e9roul\u00e9 \u00e0 Kigali en septembre&nbsp;2022, puis \u00e0 Paris en septembre 2023, sous l&#8217;\u00e9ventail th\u00e9matique de \u00ab Savoirs, Sources et Ressources sur le g\u00e9nocide perp\u00e9tr\u00e9 contre les Tutsi du Rwanda\/La recherche en acte. \u00bb<\/p>\n\n\n\n<p><strong>Bruxelles le 07 avril 2024.<\/strong><\/p>\n\n\n\n<p><strong>Pour le R\u00e9seau International Recherche &amp; G\u00e9nocide (RESIRG Asbl)<\/strong><\/p>\n\n\n\n<p><strong>D\u00e9ogratias MAZINA<\/strong><\/p>\n\n\n\n<p><strong>Pr\u00e9sident<\/strong>&nbsp;<\/p>\n","protected":false},"excerpt":{"rendered":"<div class=\"mh-excerpt\"><p>R\u00e9seau International Recherche et G\u00e9nocide (RESIRG asbl) Avenue Louise 290 T\u00e9l : +32 497 02 03 23 E-mail: info@resirg.org ou resirgbe@yahoo.com Website: http:\/\/www.resirg.org\/ N\u00b0 d\u2019entreprise <a class=\"mh-excerpt-more\" href=\"https:\/\/resirg.org\/beta\/communique-de-resirg-a-loccasion-de-la-30eme-commemoration-des-victimes-du-genocide-perpetre-contre-les-tutsis-du-rwanda\/\" title=\"Communiqu\u00e9 de RESIRG \u00e0 l\u2019occasion de la 30\u00e8me Comm\u00e9moration des victimes du G\u00e9nocide perp\u00e9tr\u00e9 contre les Tutsis du Rwanda\">[&#8230;]<\/a><\/p>\n<\/div>","protected":false},"author":1,"featured_media":1110,"comment_status":"open","ping_status":"open","sticky":false,"template":"","format":"standard","meta":{"footnotes":""},"categories":[1],"tags":[],"class_list":["post-1108","post","type-post","status-publish","format-standard","has-post-thumbnail","hentry","category-uncategorized"],"_links":{"self":[{"href":"https:\/\/resirg.org\/beta\/wp-json\/wp\/v2\/posts\/1108","targetHints":{"allow":["GET"]}}],"collection":[{"href":"https:\/\/resirg.org\/beta\/wp-json\/wp\/v2\/posts"}],"about":[{"href":"https:\/\/resirg.org\/beta\/wp-json\/wp\/v2\/types\/post"}],"author":[{"embeddable":true,"href":"https:\/\/resirg.org\/beta\/wp-json\/wp\/v2\/users\/1"}],"replies":[{"embeddable":true,"href":"https:\/\/resirg.org\/beta\/wp-json\/wp\/v2\/comments?post=1108"}],"version-history":[{"count":1,"href":"https:\/\/resirg.org\/beta\/wp-json\/wp\/v2\/posts\/1108\/revisions"}],"predecessor-version":[{"id":1114,"href":"https:\/\/resirg.org\/beta\/wp-json\/wp\/v2\/posts\/1108\/revisions\/1114"}],"wp:featuredmedia":[{"embeddable":true,"href":"https:\/\/resirg.org\/beta\/wp-json\/wp\/v2\/media\/1110"}],"wp:attachment":[{"href":"https:\/\/resirg.org\/beta\/wp-json\/wp\/v2\/media?parent=1108"}],"wp:term":[{"taxonomy":"category","embeddable":true,"href":"https:\/\/resirg.org\/beta\/wp-json\/wp\/v2\/categories?post=1108"},{"taxonomy":"post_tag","embeddable":true,"href":"https:\/\/resirg.org\/beta\/wp-json\/wp\/v2\/tags?post=1108"}],"curies":[{"name":"wp","href":"https:\/\/api.w.org\/{rel}","templated":true}]}}