{"id":1095,"date":"2023-12-05T06:55:42","date_gmt":"2023-12-05T06:55:42","guid":{"rendered":"https:\/\/resirg.org\/beta\/?p=1095"},"modified":"2023-12-05T07:01:17","modified_gmt":"2023-12-05T07:01:17","slug":"les-quatre-orientations-interpretatives-du-genocide-des-tutsi-qui-guident-ou-freinent-les-recherches-et-la-transmission-de-la-memoire","status":"publish","type":"post","link":"https:\/\/resirg.org\/beta\/les-quatre-orientations-interpretatives-du-genocide-des-tutsi-qui-guident-ou-freinent-les-recherches-et-la-transmission-de-la-memoire\/","title":{"rendered":"Les quatre orientations interpr\u00e9tatives du g\u00e9nocide des Tutsi qui guident ou freinent les recherches et la transmission de la m\u00e9moire"},"content":{"rendered":"\n<p><\/p>\n\n\n\n<p><strong>Par D\u00e9ogratias Mazina<\/strong><strong><\/strong><\/p>\n\n\n\n<p><em>Pr\u00e9sentation lors du colloque \u2018Savoirs, sources et ressources sur le g\u00e9nocide perp\u00e9tr\u00e9 contre les Tutsis au Rwanda\u2019, 11-14 septembre 2023, Paris:<\/em><\/p>\n\n\n\n<p><em>Panel sur <strong>&#8220;<\/strong><\/em><strong><em>Le g\u00e9nocide perp\u00e9tr\u00e9 contre les Tutsi: r\u00e9alit\u00e9s de sa connaissance en Afrique, Europe, Am\u00e9rique&#8221;<\/em><\/strong><strong><em><\/em><\/strong><\/p>\n\n\n\n<p><strong><u>Avant-propos<\/u><\/strong><\/p>\n\n\n\n<p>Le g\u00e9nocide <a>perp\u00e9tr\u00e9 contre les TUTSIS du Rwanda en 1994 <\/a>est un fait qui n\u2019est plus \u00e0 d\u00e9montrer. Il ne fait plus l\u2019objet d\u2019un d\u00e9bat d\u2019identification car, il a \u00e9t\u00e9 reconnu historiquement et juridiquement, notamment par le <a>Tribunal P\u00e9nal International pour le Rwanda (TPIR)<\/a> dans son <strong>Jugement du 16&nbsp;juin&nbsp;2006<\/strong><a href=\"#_ftn1\" id=\"_ftnref1\">[1]<\/a>, et par le Conseil de s\u00e9curit\u00e9 dans sa R\u00e9solution 935 du 1<sup>er<\/sup> juillet 1994<strong> (S\/RES\/935)<\/strong><a href=\"#_ftn2\" id=\"_ftnref2\">[2]<\/a>, ainsi que dans celle du <strong>&nbsp;8&nbsp;novembre 1994 (S\/RES\/955)<\/strong><a href=\"#_ftn3\" id=\"_ftnref3\">[3]<\/a>, et presque tous les historiens le reconnaissent comme tel. Ce n&#8217;est donc plus &#8220;<strong>le g\u00e9nocide Rwandais<\/strong>&#8220;, mais belle et bien &#8220;<strong>Le g\u00e9nocide perp\u00e9tr\u00e9 contre les Tutsis du Rwanda en 1994&#8243;<\/strong> &#8211; n\u2019en d\u00e9plaise aux r\u00e9viseurs et aux n\u00e9gateurs.<\/p>\n\n\n\n<p><strong><u>Le g\u00e9nocide contre les TUTSIS, <\/u><\/strong><strong><u>un fait historique de notori\u00e9t\u00e9 publique<\/u><\/strong><strong><u><\/u><\/strong><\/p>\n\n\n\n<p>Ce g\u00e9nocide est donc un fait historique de notori\u00e9t\u00e9 publique. C\u2019est une d\u00e9cision historique qui a \u00e9t\u00e9 rendue le 16 juin 2006, par la chambre d\u2019appel du Tribunal p\u00e9nal international pour le Rwanda (TPIR), pr\u00e9sid\u00e9e par le juge <strong>Mohamed Shahabuddeen<\/strong>, dans le proc\u00e8s de trois dirigeants du Mouvement r\u00e9publicain national pour la d\u00e9mocratie et le d\u00e9veloppement (MRND), le parti de l\u2019ex-pr\u00e9sident Juv\u00e9nal Habyarimana. Il fait partie de l&#8217;histoire mondiale. Il n&#8217;y a aucune base raisonnable pour qui que ce soit de nier qu&#8217;en 1994, il y avait &#8220;<strong>une campagne de massacres de masse visant \u00e0 d\u00e9truire, en tout ou tout au moins en grande partie, la population tutsie du Rwanda<\/strong> \u00bb.<\/p>\n\n\n\n<p>Il ne nous reste qu\u2019\u00e0 en faire l\u2019\u00e9tat des lieux des r\u00e9alit\u00e9s de sa connaissance, sous le rapport des \u00ab&nbsp;<strong>orientations interpr\u00e9tatives<\/strong>&nbsp;\u00bb, en l\u2019occurrence en Afrique, en Europe et en Am\u00e9rique.<\/p>\n\n\n\n<p>Pour tous les chercheurs, \u00ab&nbsp;<strong>le g\u00e9nocide \u00e0 l\u2019\u00e9tude correspond \u00e0 un processus narratif, discursif, cognitif et langagier de d\u00e9shumanisation, sur fond des mythes hamite et bantou<\/strong><a href=\"#_ftn4\" id=\"_ftnref4\"><sup>[4]<\/sup><\/a><strong>\u00bb<\/strong><strong>.<\/strong><\/p>\n\n\n\n<p>Ajoutons aussi tous les actes de soumission intentionnelle des Tutsis \u00e0 des conditions d\u2019existence difficile longtemps avant 1994, les actes de marginalisation, de culpabilisation, de d\u00e9shumanisation, d\u2019exclusion de certains secteurs \u00e9conomiques et sociaux, de destruction de leurs biens pour pouvoir effacer leur existence sans r\u00e9sistance. M\u00eame les viols commis pendant ce g\u00e9nocide ont \u00e9taient reconnus par le TPIR et ils illustrent d&#8217;ailleurs la volont\u00e9 de transmettre le VIH\/SIDA et d\u2019entraver une \u00e9ventuelle reproduction ult\u00e9rieure.<\/p>\n\n\n\n<p>Piller, d\u00e9noncer, maltraiter, encourager \u00e0 tuer ou tout simplement tuer son voisin parfois de ses mains, mais aussi son professeur, son m\u00e9decin, son coll\u00e8gue, quelquefois sa m\u00e8re, son conjoint, son demi-fr\u00e8re, son oncle, son neveu, son amie d\u2019enfance, parce qu\u2019il est tutsi ! Comment des individus peuvent-ils en arriver l\u00e0, \u00e0 vouloir exterminer une partie de ceux qu\u2019ils ont connus, voire de leurs plus proches<a href=\"#_ftn5\" id=\"_ftnref5\">[5]<\/a> ?<\/p>\n\n\n\n<p>Le ph\u00e9nom\u00e8ne du g\u00e9nocide \u00e9tant complexe, la r\u00e9alit\u00e9 de sa connaissance, a \u00e9volu\u00e9 et elle continue d&#8217;\u00e9voluer selon la sensibilisation, les nouvelles recherches, les nouvelles d\u00e9couvertes, ainsi que le changement d&#8217;attitudes (positive ou n\u00e9gative) de ses d\u00e9tracteurs n\u00e9gationnistes ou pas, dans leurs combats pour la banalisation ou carr\u00e9ment sa n\u00e9gation.<\/p>\n\n\n\n<p>En outre, cette r\u00e9alit\u00e9 ou du moins son interpr\u00e9tation varie selon qu&#8217;on est \u00e0 l&#8217;int\u00e9rieur ou \u00e0 l&#8217;ext\u00e9rieur du Rwanda (o\u00f9 s&#8217;est produit ce g\u00e9nocide), selon qu&#8217;on en est victime, t\u00e9moin proximale ou distale, ou que l&#8217;on est ou pas concern\u00e9, m\u00eame s&#8217;il devait concerner tout le monde, \u00e9tant un crime contre l&#8217;humanit\u00e9.<\/p>\n\n\n\n<p>Pour tous les chercheurs, ou pour presque tous, \u00ab le g\u00e9nocide \u00e0 l\u2019\u00e9tude correspond \u00e0 un processus narratif, discursif, cognitif et langagier de d\u00e9shumanisation, sur fond des mythes hamite et bantou.<\/p>\n\n\n\n<p>Pour les orientations interpr\u00e9tatives, d\u00e9marrons avec ce chercheur, qui a produit une th\u00e8se de doctorat \u00e0 l\u2019Universit\u00e9 Catholique de Louvain, le docteur Jean Mukimbiri&nbsp;pour ne pas le nommer: &#8220;<strong>Sur l\u2019origine lointaine du g\u00e9nocide des Tutsis, les \u00e9l\u00e9ments<\/strong>&nbsp;\u00bb des corpus \u00ab&nbsp;<strong>semblent inscrire deux mythes sur l\u2019Afrique, et leur incarnation au Rwanda.&#8221;<\/strong> Il s\u2019agit, vous le savez sans doute, \u00ab&nbsp;<strong>d\u2019une part, d\u2019un mythe dit \u2018<u>hamite<\/u>&#8220;<\/strong> et, d\u2019autre part, \u00ab<strong>du mythe connu sous l\u2019attribut de <u>bantou<\/u><\/strong>\u00bb.<\/p>\n\n\n\n<p>Les deux mythes se pr\u00e9sentent, d\u00e8s l\u2019abord, dans une relation oppositionnelle qu\u2019il serait scientifiquement aberrant de ne pas prendre en consid\u00e9ration (\u2026).&nbsp;\u00bb<\/p>\n\n\n\n<p>Le \u00ab&nbsp;retour&nbsp;\u00bb, dans le chef des chercheurs, \u00ab&nbsp;<strong>aux mythes fondateurs du g\u00e9nocide<\/strong><a href=\"#_ftn6\" id=\"_ftnref6\"><sup>[6]<\/sup><\/a>&nbsp;\u00bb \u00e0 l\u2019\u00e9tude, appara\u00eet comme le fil conducteur ou comme le fil rouge.<\/p>\n\n\n\n<p>Il s\u2019agit l\u00e0, non d\u2019un simple point de rep\u00e8re, mais d\u2019un \u00e9l\u00e9ment f\u00e9d\u00e9rateur, qu\u2019on retrouve de fa\u00e7on r\u00e9currente, et qui assure rigueur, coh\u00e9rence et progressivit\u00e9 de la quasi-totalit\u00e9 des travaux consult\u00e9s.<\/p>\n\n\n\n<p><strong><u>1<sup>\u00e8re<\/sup> orientation interpr\u00e9tative : l\u2019interpr\u00e9tation culturelle du g\u00e9nocide<\/u><\/strong><\/p>\n\n\n\n<p>Quels chercheurs, en Afrique, en Europe et en Am\u00e9rique, versent dans l\u2019interpr\u00e9tation culturelle du g\u00e9nocide \u00e0 l\u2019\u00e9tude, en r\u00e9f\u00e9rence au mythe, dont la langue est le v\u00e9hicule, ou le vecteur de pr\u00e9dilection&nbsp;? En voici une liste non exhaustive, m\u00eame si, d\u2019un chercheur \u00e0 l\u2019autre, des nuances existent, dans l\u2019interpr\u00e9tation culturelle postul\u00e9e&nbsp;: Jean-Michel Lecomte<a href=\"#_ftn7\" id=\"_ftnref7\">[7]<\/a>, Chalk et Jonasohn<a href=\"#_ftn8\" id=\"_ftnref8\">[8]<\/a>, Kuper (L.)<a href=\"#_ftn9\" id=\"_ftnref9\">[9]<\/a>, Jean-Pierre Chr\u00e9tien, Marcel kabanda, Ngarambe et Jean-Fran\u00e7ois Dupaquier<a href=\"#_ftn10\" id=\"_ftnref10\">[10]<\/a>, Jan Vansina, Digneffe et Fierens<a href=\"#_ftn11\" id=\"_ftnref11\">[11]<\/a>, Catherine Newbury<a href=\"#_ftn12\" id=\"_ftnref12\">[12]<\/a>, Alison Des Forges et Jean-Paul Kimonyo<a href=\"#_ftn13\" id=\"_ftnref13\">[13]<\/a>, Uvin (P.)<a href=\"#_ftn14\" id=\"_ftnref14\">[14]<\/a><em>, G\u00e9rard <\/em>Prunier<a href=\"#_ftn15\" id=\"_ftnref15\">[15]<\/a>, Jean-Claude Willame<a href=\"#_ftn16\" id=\"_ftnref16\">[16]<\/a>, Franche (D.)<a href=\"#_ftn17\" id=\"_ftnref17\">[17]<\/a>, &nbsp;Desmarais (J.-C.)<a href=\"#_ftn18\" id=\"_ftnref18\">[18]<\/a><em>, <\/em>African Rights,<a href=\"#_ftn19\" id=\"_ftnref19\">[19]<\/a> Jean Mukimbiri<a href=\"#_ftn20\" id=\"_ftnref20\">[20]<\/a>, Assumpta Mugiraneza, etc. etc., la liste est longue.<\/p>\n\n\n\n<p>M\u00eame si des nuances existent, chez ces chercheurs, il reste que l\u2019interpr\u00e9tation culturelle du g\u00e9nocide anti-tutsi puise sa substance dans \u00ab&nbsp;<strong>la pens\u00e9e mythique<\/strong>&nbsp;\u00bb, pens\u00e9e qui, d\u2019apr\u00e8s Mircea Eliade est&nbsp; \u00ab&nbsp;<strong>constitutive de l\u2019\u00eatre humain<\/strong><a href=\"#_ftn21\" id=\"_ftnref21\"><sup>[21]<\/sup><\/a>.&nbsp;\u00bb<\/p>\n\n\n\n<p><strong><u>2<sup>\u00e8me<\/sup> <\/u><\/strong><strong><u>interpr\u00e9tation: des<\/u><\/strong><strong><u> causes psychosociales du g\u00e9nocide<\/u><\/strong><\/p>\n\n\n\n<p>Comment l\u2019interpr\u00e9tation culturelle du g\u00e9nocide peut-elle, par l\u2019entremise de mythes, conduire \u00e0 des orientations interpr\u00e9tatives qui int\u00e8grent la psychosociologie, par-del\u00e0 la psychanalyse et la psychologie individuelles&nbsp;<a href=\"#_ftn22\" id=\"_ftnref22\"><sup>[22]<\/sup><\/a>? La r\u00e9ponse \u00e0 la question devrait examiner les fondements th\u00e9oriques d\u2019une part, et l\u2019essai d\u2019interpr\u00e9tation du cas rwandais d\u2019autre part.<\/p>\n\n\n\n<p>D\u2019une mani\u00e8re non certes homog\u00e8ne, mais d\u2019une mani\u00e8re qui varie de chercheur \u00e0 chercheur, se sont, en Afrique, en Europe et en Am\u00e9rique, ceux qui se sont int\u00e9ress\u00e9s \u00e0 ce dernier aspect, Jean-Paul Kimonyo, Filip Reyntjens, Pierre Erny, Ren\u00e9 Lemarchand<a href=\"#_ftn23\" id=\"_ftnref23\">[23]<\/a>, Douglas Ashford<a href=\"#_ftn24\" id=\"_ftnref24\">[24]<\/a>, G\u00e9rard Prunier, Jean-Claude Willame, Jean Mukimbiri, etc.<\/p>\n\n\n\n<p>R\u00f4le du langage des mythes ou sa performativit\u00e9 sur le plan social, probl\u00e9matique sociale des <strong><u>mythes hamite et bantou<\/u><\/strong> comme pierre d\u2019attente pour l\u2019id\u00e9ologie du g\u00e9nocide, potentiel et effet g\u00e9nocidaires de la st\u00e9r\u00e9otypie&nbsp;des repr\u00e9sentations sociales&nbsp;issues des mythes&nbsp;hamite et bantou, perception des causes psychosociales du g\u00e9nocide \u00e0 travers la litt\u00e9rature g\u00e9n\u00e9rale sur le Rwanda, etc., voil\u00e0 qui aide \u00e0 appr\u00e9hender les causes psychosociales du g\u00e9nocide des Tutsis<a href=\"#_ftn25\" id=\"_ftnref25\">[25]<\/a>. Sur le plan th\u00e9orique, on sait, gr\u00e2ce \u00e0 Malinowski, que le fonctionnalisme<a href=\"#_ftn26\" id=\"_ftnref26\"><sup>[26]<\/sup><\/a>, en ethnologie, ram\u00e8ne nos regards sur les fonctions sociales, et sur la force d\u2019organisation des mythes, au sein des communaut\u00e9s qui les ont en commun. Se greffe, \u00e0 ces donn\u00e9es, la psychanalyse, qui lie la force des mythes \u00e0 celle de l\u2019inconscient<a href=\"#_ftn27\" id=\"_ftnref27\"><sup>[27]<\/sup><\/a><sup>. <\/sup>Le soubassement des mythes est-il perceptible aussi dans les facteurs socio-\u00e9conomiques du g\u00e9nocide&nbsp;?<\/p>\n\n\n\n<p><strong><u>3<sup>\u00e8me<\/sup> interpr\u00e9tation socio-\u00e9conomique du g\u00e9nocide<\/u><\/strong><strong><u><\/u><\/strong><\/p>\n\n\n\n<p>Quels chercheurs versent dans l\u2019interpr\u00e9tation socio-\u00e9conomique du g\u00e9nocide \u00e0 l\u2019\u00e9tude, encore qu\u2019avec, certes, des nuances chez eux, aussi&nbsp;?<strong> <\/strong>King (M.)<a href=\"#_ftn28\" id=\"_ftnref28\">[28]<\/a>, Bonneux (L.)<a href=\"#_ftn29\" id=\"_ftnref29\">[29]<\/a>, Jean-Paul Kimonyo, Newbury (C.), Willame ( J.-C.), Reyntjens (F.)<a href=\"#_ftn30\" id=\"_ftnref30\">[30]<\/a>, Prunier (G.), Marysse (S.), Tom de Herdt et Ndayambaje<a href=\"#_ftn31\" id=\"_ftnref31\">[31]<\/a>, Prunier (G.), Uvin (P.), Maton (J.)<a href=\"#_ftn32\" id=\"_ftnref32\">[32]<\/a>, Young (C.)<a href=\"#_ftn33\" id=\"_ftnref33\">[33]<\/a>, Bayard (J.-B.)., Mbembe (A.) et Comi Toulabor<a href=\"#_ftn34\" id=\"_ftnref34\">[34]<\/a>, Kamanzi (N.)<a href=\"#_ftn35\" id=\"_ftnref35\">[35]<\/a>, etc.<strong><\/strong><\/p>\n\n\n\n<p>Tout commence par \u00ab&nbsp;<strong>l\u2019instrumentalisation des mythes hamite et bantou<\/strong>&nbsp;\u00bb par l\u2019\u00e9lite politique hutue comme l&#8217;a bien d\u00e9crit Jean Pierre Chr\u00e9tien.<\/p>\n\n\n\n<p>La tendance se dessine depuis 1957, dans <strong>LE MANIFESTE DES BAHUTU<\/strong> qui sont en qu\u00eate d\u2019un \u00ab&nbsp;<strong>statut socio-\u00e9conomique<\/strong>&nbsp;\u00bb excluant les Tutsis.<\/p>\n\n\n\n<p>L\u2019ann\u00e9e 1962, celle d\u2019une ind\u00e9pendance de pure forme octroy\u00e9e pour les besoins de se cr\u00e9er des auxiliaires post-coloniaux, pose les bases d\u2019un processus qui colporte et se r\u00e9approprie <strong>le mythe bantou<\/strong>, \u00e0 des fins de conservation d\u2019un pouvoir qui vient d\u2019\u00eatre conquis, dans le cadre d\u2019une \u00ab&nbsp;<strong>R\u00e9volution assist\u00e9e<\/strong>&nbsp;\u00bb, comme le caract\u00e9rise Jean-Paul&nbsp; Harroy lui-m\u00eame, alors Vice-Gouverneur G\u00e9n\u00e9ral du Ruanda-Urundi. Diviser pour r\u00e9gner du latin&nbsp;<strong>&#8220;<\/strong><strong><em>divide et impera<\/em><\/strong><strong><em>&#8220;<\/em><\/strong>.&nbsp;&nbsp;&nbsp;&nbsp;&nbsp;&nbsp;&nbsp;&nbsp;&nbsp;&nbsp;&nbsp;&nbsp;&nbsp;&nbsp; &nbsp;&nbsp;&nbsp;&nbsp;&nbsp;&nbsp;&nbsp;&nbsp;&nbsp;&nbsp;&nbsp;&nbsp;&nbsp;&nbsp;&nbsp;&nbsp;&nbsp;&nbsp;&nbsp;&nbsp;&nbsp;&nbsp;&nbsp;&nbsp;&nbsp;&nbsp;&nbsp;&nbsp;&nbsp;&nbsp;&nbsp;&nbsp;&nbsp;&nbsp;&nbsp;&nbsp;&nbsp;&nbsp;&nbsp;&nbsp;&nbsp;&nbsp;&nbsp;&nbsp;&nbsp;&nbsp;&nbsp;&nbsp;&nbsp;&nbsp;&nbsp;&nbsp;&nbsp;&nbsp;&nbsp;&nbsp;&nbsp;&nbsp;&nbsp;&nbsp;&nbsp;&nbsp;&nbsp;&nbsp;&nbsp;&nbsp;&nbsp;&nbsp;&nbsp;&nbsp;&nbsp;&nbsp;&nbsp;&nbsp;&nbsp;&nbsp;&nbsp;&nbsp;&nbsp;&nbsp;&nbsp;<\/p>\n\n\n\n<p>\u00ab&nbsp;Pour Jodelet et Serge Moscovici (\u2026), les hommes ne connaissent et ne vivent le monde qu\u2019\u00e0 partir d\u2019un syst\u00e8me de repr\u00e9sentations. Ce syst\u00e8me est \u00e0 la fois le produit et le processus d\u2019une activit\u00e9 d\u2019appropriation de la r\u00e9alit\u00e9 ext\u00e9rieure \u00e0 la pens\u00e9e et d\u2019\u00e9laboration psychologique et sociale<a href=\"#_ftn36\" id=\"_ftnref36\"><sup>[36]<\/sup><\/a>. Selon L\u00e9on Poliakov \u00ab&nbsp;Comme toute id\u00e9ologie et peut-\u00eatre mieux que n\u2019importe quelle autre, en raison de la simplicit\u00e9 de ses slogans, le racisme peut servir \u00e0 masquer la r\u00e9alit\u00e9 de la lutte des classes. Et cela de deux fa\u00e7ons au moins&nbsp;: soit qu\u2019il serve \u00e0 justifier l\u2019exploitation, en lui donnant un caract\u00e8re rationnel et donc en lui \u00f4tant son aspect injuste&nbsp;; soit en fournissant un faux objet au besoin de r\u00e9volte des classes opprim\u00e9es&nbsp;: l\u00e0 aussi la r\u00e9alit\u00e9 de l\u2019exploitation est masqu\u00e9e, car la responsabilit\u00e9 de l\u2019oppression dont souffrent les exploit\u00e9s est attribu\u00e9e \u00e0 une \u00ab&nbsp;race&nbsp;\u00bb \u00e9trang\u00e8re, contre laquelle se retournent alors la r\u00e9volte et la col\u00e8re, qui autrement auraient atteint les exploiteurs eux-m\u00eames<a href=\"#_ftn37\" id=\"_ftnref37\"><sup>[37]<\/sup><\/a>.<\/p>\n\n\n\n<p><strong><u>4<sup>\u00e8me<\/sup> interpr\u00e9tation biologique du g\u00e9nocide<\/u><\/strong><\/p>\n\n\n\n<p>Selon L\u00e9on Poliakov, une&nbsp;premi\u00e8re interpr\u00e9tation du racisme&nbsp;revient \u00e0 faire de celui-ci ce qu\u2019il n\u2019est nullement&nbsp;:<strong> &#8220;une composante \u00e9ternelle de la nature humaine.&#8221;<\/strong><\/p>\n\n\n\n<p>Le \u00ab&nbsp;<strong>racisme d\u00e9riverait de l\u2019agressivit\u00e9 inscrite dans le programme g\u00e9n\u00e9tique de tout \u00eatre humain<\/strong><a href=\"#_ftn38\" id=\"_ftnref38\"><sup>[38]<\/sup><\/a>.&nbsp;\u00bb<\/p>\n\n\n\n<p>Voil\u00e0 une interpr\u00e9tation erron\u00e9e qui recoupe celle des mythes qu\u2019\u00e9voquent des \u00ab&nbsp;<strong>philosophies socio-historiques<\/strong><a href=\"#_ftn39\" id=\"_ftnref39\"><sup>[39]<\/sup><\/a>.&nbsp;\u00bb Croire \u00e0 la race peut conduire au racisme, voire \u00e0 un racisme potentiellement et effectivement g\u00e9nocidaire.<\/p>\n\n\n\n<p>Pour Omer Marchal<a href=\"#_ftn40\" id=\"_ftnref40\">[40]<\/a> et pour Peter&nbsp;Uvin, Gr\u00e9goire Kayibanda est, non seulement raciste, mais il est aussi, ou surtout, l\u2019initiateur du g\u00e9nocide des Tutsis.<\/p>\n\n\n\n<p>Et pour cause, devant tous les Etats africains, europ\u00e9ens, am\u00e9ricains, etc., le 1er janvier 1976, le Rwanda est un \u00c9tat partie \u00e0 la Convention internationale sur l\u2019\u00e9limination de toutes les formes de discrimination raciale, convention adopt\u00e9e par l\u2019Assembl\u00e9e g\u00e9n\u00e9rale des Nations Unies, dans sa <strong>R\u00e9solution 2106 du 21 d\u00e9cembre 1965<\/strong>. Elle entrera en vigueur le 4 janvier 1969. Quatre 4 ans plus t\u00f4t, en 1965, ce fut, au Rwanda, l\u2019institutionnalisation, par Gr\u00e9goire Kayibanda, du <strong>Permehutu<\/strong>&nbsp;: Parti du mouvement d\u2019\u00e9mancipation hutue, comme unique parti politique dans le pays. Le Rwanda \u00e9tait donc <strong>\u00c9tat partie<\/strong> \u00e0 la Convention internationale sur l\u2019\u00e9limination de toutes les formes de discrimination raciale. Mais qu\u2019\u00e0 cela ne tienne, il faudra les Accords de Paix d\u2019Arusha, le 4 ao\u00fbt 1993, pour \u00e9noncer la n\u00e9cessit\u00e9 de mettre fin \u00e0 la discrimination anti-tutsie au Rwanda. De quoi faut-il s\u2019\u00e9tonner&nbsp;?<\/p>\n\n\n\n<p>Le 24 mars 1957, <strong>LE MANIFESTE DES BAHUTU<\/strong> parle d\u2019une possible destruction totale, \u00e0 travers une accusation en miroir. Quelques ann\u00e9es apr\u00e8s, le terme g\u00e9nocide est sorti de la bouche d\u2019un officiel rwandais en mars 1963, quatre ans apr\u00e8s la premi\u00e8re vague d\u2019attaques des r\u00e9fugi\u00e9s tutsi, selon <strong><em>Rwanda,<\/em><\/strong> <strong><em>Carrefour d\u2019Afrique, No 31,<\/em><\/strong> o\u00f9 le Pr\u00e9sident Kayibanda en s&#8217;adressant aux Rwandais \u00e9migr\u00e9s, ou r\u00e9fugi\u00e9s \u00e0 l\u2019\u00e9tranger, <strong>[je le cite]<\/strong>:<\/p>\n\n\n\n<p><strong><em>\u00ab <\/em><\/strong><em>Les tutsi rest\u00e9s au pays qui ont peur d\u2019une fureur populaire que font na\u00eetre vos incursions sont-ils heureux de vos comportements? Qui est g\u00e9nocide? Ceux qui vous appuient et financent vos men\u00e9es terroristes et fratricides vous rappellent-ils aussi que les Bahutu ne se laisseront jamais malmener et qu\u2019\u00e0 vos coups ils n\u2019entendent pas du tout opposer un h\u00e9ro\u00efsme qui serait d\u2019ailleurs de mauvais aloi ? <strong>Qui est g\u00e9nocide<\/strong>?<strong>\u00bb<a href=\"#_ftn41\" id=\"_ftnref41\"><strong>[41]<\/strong><\/a><\/strong><\/em><\/p>\n\n\n\n<p>Plus loin, il donne beaucoup plus de pr\u00e9cisions <strong>:<\/strong><em> <strong>\u00ab<\/strong>\u2026\u2026\u2026. \u00c0 supposer par impossible que vous veniez \u00e0 prendre Kigali d\u2019assaut, comment mesurez-vous le chaos dont vous seriez les premi\u00e8res victimes ? Je n\u2019insiste pas : vous le devinez, sinon vous n\u2019agiriez pas en s\u00e9ides et en d\u00e9sesp\u00e9r\u00e9s ! Vous le dites entre vous : <strong>\u00ab ce serait la fin totale et pr\u00e9cipit\u00e9e de la race tutsi \u00bb. Qui est g\u00e9nocide? \u00bb <\/strong><\/em>[<strong>Fin de citation<\/strong>].<\/p>\n\n\n\n<p>Ainsi le g\u00e9nocide \u00e9tait annonc\u00e9 et justifi\u00e9, et le mot d&#8217;ordre \u00e9tait lanc\u00e9 !!!!!!!!!!<\/p>\n\n\n\n<p>Concernant les enjeux de la transmission, je n&#8217;en parlerais pas longuement, car il y a beaucoup \u00e0 dire, et on en a beaucoup parl\u00e9, je rappelle tout simplement que ce g\u00e9nocide n&#8217;a pas finie de livrer ses secrets. Hormis l&#8217;organisation des comm\u00e9morations et des veill\u00e9es comm\u00e9moratives, l&#8217;implantation des m\u00e9moriaux du g\u00e9nocide pour p\u00e9renniser la m\u00e9moire, la lutte contre le n\u00e9gationnisme, la politique de la m\u00e9moire fait encore sa route. En environ 29 ans apr\u00e8s, un nombre important de publications a \u00e9t\u00e9 produit (articles, th\u00e8ses, m\u00e9moire, livres, po\u00e8mes, bandes dessin\u00e9es, etc.), certaines allant dans le sens qui informe correctement le public de ce qui s\u2019est r\u00e9ellement pass\u00e9e, d\u2019autres allant dans un sens qui fr\u00f4le le n\u00e9gationnisme ou la banalisation, mais d\u2019autres sont visiblement n\u00e9gationnistes.<\/p>\n\n\n\n<p>Les travaux effectu\u00e9s sur ce g\u00e9nocide sont de plusieurs types: Des t\u00e9moignages r\u00e9els des survivants aux t\u00e9moignages-fictions ou des mises en forme litt\u00e9raires sur base de t\u00e9moignages, des romans, des pi\u00e8ces de th\u00e9\u00e2tre, des bandes dessin\u00e9es, des films documentaires, des th\u00e8ses de doctorat et de master, etc.<\/p>\n\n\n\n<p>Mais avec l\u2019ampleur encore mal connue de ses cons\u00e9quences en Afrique, en Europe et pour le monde, de ses dimensions religieuse, sociale, politique, de la r\u00e9flexion sur l\u2019Etat et les organisations, ses savoirs portant sur le traumatisme, &nbsp;de la reconstruction et la r\u00e9silience, de la connaissance du n\u00e9gationnisme, de l\u2019impunit\u00e9 et de la r\u00e9ponse p\u00e9nale, le lien \u00e9troit avec les savoirs de la recherche, leur pouvoir de v\u00e9rit\u00e9 et leur transmission dans le public, notamment par l\u2019enseignement scolaire et sup\u00e9rieur, des formes et des modalit\u00e9s de pr\u00e9servation et d\u2019institutionnalisation de la m\u00e9moire, tout cela reste encore \u00e0 d\u00e9couvrir.<\/p>\n\n\n\n<p>On remarque donc que \u00ab ce g\u00e9nocide n\u2019a pas fini de livrer ses secrets \u00bb, que beaucoup reste encore \u00e0 faire et on n&#8217;est pas encore au bout des questionnement ou de surprises:<\/p>\n\n\n\n<p>Comment par exemple se fait-il que le proc\u00e8s de Monsieur KABUGA F\u00e9licien en arrive l\u00e0 o\u00f9 il est actuellement? Un des principaux suspects pour son r\u00f4le dans la conception et le financement du g\u00e9nocide contre les Tutsis, une des personnes pour qui la t\u00eate a \u00e9t\u00e9 mis \u00e0 prix \u00e0 plusieurs milliers de dollars. Il va \u00eatre rel\u00e2ch\u00e9 et laiss\u00e9 en libert\u00e9 comme si de rien n&#8217;\u00e9tait ! Pour le simple fait qu&#8217;il ne peut pas assister \u00e0 son proc\u00e8s ! Quelle justice pour ses victimes ! Pour quoi ne serait-il pas jug\u00e9 par contumace \u00e0 l&#8217;instar des g\u00e9nocidaires NAZIS.<\/p>\n\n\n\n<p>Pourquoi l&#8217;ancienne premi\u00e8re dame du Rwanda AGATHE KANZIGA, dont les signes d&#8217;implication dans ce g\u00e9nocide sont plus que probants, la responsable d&#8217;AKAZU avec ses fr\u00e8res ? Pourquoi ne peut-elle pas \u00eatre envoy\u00e9e au Rwanda pour \u00eatre jug\u00e9e ou du moins \u00eatre jug\u00e9e en France ? Pour ne citer que ces deux-l\u00e0 seulement !!!!<\/p>\n\n\n\n<p>La France h\u00e9berge \u00e9norm\u00e9ment de suspects du g\u00e9nocide et il serait urgent de les juger ou de les envoyer au Rwanda, pays o\u00f9 ils ont commis le forfait.<\/p>\n\n\n\n<p>Evidemment je ne suis ni juriste ni historien pour l&#8217;exiger, je ne fais que relater les sentiments que soul\u00e8vent tout cela dans la t\u00eate des rescap\u00e9s.<\/p>\n\n\n\n<p><strong>Pour conclure<\/strong><\/p>\n\n\n\n<p>Je dirais que des questions fondamentales persistent encore en mati\u00e8re de recherche scientifique, notamment en termes de gen\u00e8se, de pr\u00e9paration, de perp\u00e9tration, mais aussi de gestion des cons\u00e9quences, et surtout de meilleures m\u00e9thodes de pr\u00e9servation et de transmission de la m\u00e9moire des victimes et de lutte contre le n\u00e9gationnisme.<\/p>\n\n\n\n<p>Beaucoup restent donc encore \u00e0 faire en mati\u00e8re de recherche:<\/p>\n\n\n\n<p>\u2022&nbsp;&nbsp; La recherche scientifique, non seulement de <strong>mani\u00e8re<\/strong> <strong>transversale<\/strong>, mais aussi de mani\u00e8re <strong>th\u00e9matique<\/strong>;<\/p>\n\n\n\n<p>\u2022&nbsp;&nbsp; La recherche scientifique, non seulement de <strong>mani\u00e8re \u00e9pisodique<\/strong>, mais aussi d&#8217;une <strong>mani\u00e8re cyclique<\/strong>, ou <strong>p\u00e9riodique<\/strong>;<\/p>\n\n\n\n<p>\u2022&nbsp;&nbsp; La recherche scientifique, non pas uniquement de <strong>mani\u00e8re occasionnelle<\/strong>, mais belle et bien de <strong>mani\u00e8re permanente<\/strong>;<\/p>\n\n\n\n<p>\u2022&nbsp;&nbsp; La recherche scientifique, non seulement de <strong>mani\u00e8re conjoncturelle<\/strong>, mais aussi et surtout de <strong>mani\u00e8re structurelle<\/strong>.<\/p>\n\n\n\n<p>J&#8217;ai envie de dire que les germes du g\u00e9nocide en cause qui, encore aujourd\u2019hui, se per\u00e7oivent dans la sous-r\u00e9gion des pays dits des Grands lacs, soul\u00e8vent encore de l\u00e9gitimes interrogations. La dichotomie <strong><u>mythe hamitique<\/u><\/strong> versus <strong><u>mythe bantou<\/u><\/strong> vit dans l\u2019\u00ab&nbsp;<strong>aujourd\u2019hui<\/strong><a href=\"#_ftn42\" id=\"_ftnref42\"><sup>[42]<\/sup><\/a>&nbsp;\u00bb de nos soci\u00e9t\u00e9s, parall\u00e8lement aux entreprises de r\u00e9vision et de n\u00e9gation d\u2019un g\u00e9nocide qui ne fait plus l\u2019objet d\u2019un d\u00e9bat d\u2019identification. Cela freine les enjeux de transmission de la m\u00e9moire et freine le processus de r\u00e9conciliation.<\/p>\n\n\n\n<p>La mobilisation doit donc aller en profondeur, jusqu\u2019aux questions connexes de sa cause, de sa gen\u00e8se, de sa perp\u00e9tration, de ses cons\u00e9quences et de la gestion de l\u2019apr\u00e8s g\u00e9nocide, en particulier la transmission de la m\u00e9moire et la lutte contre le n\u00e9gationnisme.<\/p>\n\n\n\n<p>Aussi faudrait-il, peut-\u00eatre, pour le prochain colloque, aborder, non pas seulement les<strong> r\u00e9alit\u00e9s de sa connaissance<\/strong>, mais \u00e9galement <strong>les r\u00e9alit\u00e9s de sa <u>m\u00e9connaissance<\/u><\/strong>, en Afrique, en Europe, en Am\u00e9rique, et ailleurs dans le monde.<\/p>\n\n\n\n<p>Je vous remercie<\/p>\n\n\n\n<hr class=\"wp-block-separator has-alpha-channel-opacity\"\/>\n\n\n\n<p><a href=\"#_ftnref1\" id=\"_ftn1\">[1]<\/a> Tribunal P\u00e9nal International pour le Rwanda (TPIR). Jugement du 16&nbsp;juin&nbsp;2006 [ICTR-98-44-AR73(C)]<\/p>\n\n\n\n<p><a href=\"#_ftnref2\" id=\"_ftn2\">[2]<\/a> <a>R\u00e9solution S\/RES\/935 du 1er&nbsp;juillet 1994. https:\/\/grandslacs.graduateinstitute.ch\/files_on_st7210\/0332.pdf<\/a><\/p>\n\n\n\n<p><a href=\"#_ftnref3\" id=\"_ftn3\">[3]<\/a> R\u00e9solution S\/RES\/955 du 8 novembre 1994. https:\/\/unictr.irmct.org\/sites\/unictr.org\/files\/legal-library\/941108_res955_fr.pdf<\/p>\n\n\n\n<p><a href=\"#_ftnref4\" id=\"_ftn4\">[4]<\/a> Mukimbiri (J.). Repr\u00e9sentations litt\u00e9raires et orientations d\u2019un g\u00e9nocide en Afrique. Th\u00e8se de doctorat. Universit\u00e9 Catholique de Louvain, 2007.<\/p>\n\n\n\n<p><a href=\"#_ftnref5\" id=\"_ftn5\">[5]<\/a> <em>Am\u00e9lie Faucheux, \u201cG\u00e9nocide des Tutsis du Rwanda de 1994 et r\u00e9seaux de connaissances ant\u00e9rieures. Partie 1.\u201d, Carnet de recherche, Open Edition, Alt\u00e9rit\u00e9 &amp; Violence, 11 | 2019, mis en ligne le 24 novembre 2019.<\/em><em><\/em><\/p>\n\n\n\n<figure class=\"wp-block-embed\"><div class=\"wp-block-embed__wrapper\">\nhttps:\/\/penserlahaine.hypotheses.org\/654\n<\/div><\/figure>\n\n\n\n<p><a href=\"#_ftnref6\" id=\"_ftn6\">[6]<\/a> Mukimbiri (J.). Repr\u00e9sentations litt\u00e9raires et orientations d\u2019un g\u00e9nocide en Afrique. Th\u00e8se de doctorat. Universit\u00e9 Catholique de Louvain, 2007.<\/p>\n\n\n\n<p><a href=\"#_ftnref7\" id=\"_ftn7\">[7]<\/a> Lecomte (J.-M). Enseigner l\u2019Holocauste au 21\u00e8 si\u00e8cle. Strasbourg, \u00c9ditions du Conseil de l\u2019Europe, 2003.<\/p>\n\n\n\n<p><a href=\"#_ftnref8\" id=\"_ftn8\">[8]<\/a> Chalk ( (F.) et Jonasohn (K.) (dir. publ.). The History and sociology of a Genocide. New Haven and London, Yale University Press, 1990<\/p>\n\n\n\n<p><a href=\"#_ftnref9\" id=\"_ftn9\">[9]<\/a> Kuper (L.). Genocide. Its Political Use in the Twentieth Century. New Haven and London, Yale University Press, 1981.<\/p>\n\n\n\n<p><a href=\"#_ftnref10\" id=\"_ftn10\">[10]<\/a> Chr\u00e9tien (J.-P), Dupaquier (J.-F), Kabanda (M.), Ngarambe ( J.). Rwanda&nbsp;: les m\u00e9dias du g\u00e9nocide. Paris, Karthala, 1995. Chr\u00e9tien (J.-P). Le d\u00e9fi de l\u2019ethnisme. Rwanda et Burundi&nbsp;: 1990-1996. Paris, Karthala, 1997.<\/p>\n\n\n\n<p><a href=\"#_ftnref11\" id=\"_ftn11\">[11]<\/a> Vansina (J.). Le Rwanda ancien, Le Royaume nyiginya, Paris, Karthala, 2001. Cit\u00e9 par Digneffe (F.) et Fierens (J.). Justice et Gacaca. L\u2019exp\u00e9rience rwandaise et le g\u00e9nocide. Namur, Presses Universitaires de Namur, 2003.<\/p>\n\n\n\n<p><a href=\"#_ftnref12\" id=\"_ftn12\">[12]<\/a> Newbury (C.). The cohesion of oppression, clientship and ethnicity in <em>Rwanda 1860-1960. New York, Columbia University, Press, 1988.<\/em><\/p>\n\n\n\n<p><a href=\"#_ftnref13\" id=\"_ftn13\">[13]<\/a> Des Forges (A.). The Ideology of Genocide. Issue vol.23, n\u00b0 2, p. 44-47. Cit\u00e9 par Kimonyo (J.-P). Revue critique des interpr\u00e9tations du conflit rwandais, in <em>Cahiers, Centre de gestion des conflits, tome 1, n\u00b0 1, Butare, \u00c9ditions de l\u2019Universit\u00e9 Nationale du Rwanda, 2000.<\/em><\/p>\n\n\n\n<p><a href=\"#_ftnref14\" id=\"_ftn14\">[14]<\/a> Uvin (P.). \u2018\u2019Prejudice, Crisis, and Genocide in Rwanda\u2019\u2019, in <em>African Studies Review, vol. 40, n\u00b0 2, 1997, p. 91-115.<\/em><\/p>\n\n\n\n<p><a href=\"#_ftnref15\" id=\"_ftn15\">[15]<\/a> Prunier ( G.). The Rwanda Crisis 1959-1994. History of genocide. New York, Columbia University Press, 1997.<\/p>\n\n\n\n<p><a href=\"#_ftnref16\" id=\"_ftn16\">[16]<\/a> Willame (j.-c). \u2018\u2019Aux sources de l\u2019h\u00e9catombe rwandaise.\u2019\u2019 in Cahiers africains, no 14, 1995, p. 44. cit\u00e9 par kimonyo (j.-p). revue critique des interpr\u00e9tations du conflit rwandais, in Cahiers, centre de gestion des conflits, tome 1, n\u00b0 1, Butare, \u00e9ditions de l\u2019Universit\u00e9 Nationale du Nwanda, 2000.<\/p>\n\n\n\n<p><a href=\"#_ftnref17\" id=\"_ftn17\">[17]<\/a> <sup>[17]<\/sup> Franche (D.). \u2018\u2019G\u00e9n\u00e9alogie du g\u00e9nocide rwandais. Hutu et Tutsi&nbsp;: Gaulois et Francs&nbsp;?\u2019\u2019. In <em>Les Temps Modernes, n\u00b0 582, 1995, p. 1-57<\/em>. Cit\u00e9 par Kimonyo (J.-P). Revue critique des interpr\u00e9tations du conflit rwandais, in <em>Cahiers, Centre de gestion des conflits, tome 1, n\u00b0 1, Butare, \u00c9ditions de l\u2019Universit\u00e9 Nationale du Rwanda, 2000.<\/em><\/p>\n\n\n\n<p><a href=\"#_ftnref18\" id=\"_ftn18\">[18]<\/a> Desmarais (J.-C.). \u2018\u2019 Le Rwanda des anthropologues, l\u2019arch\u00e9ologie de l\u2019id\u00e9ologie raciale\u2019\u2019, in <em>Anthropologie et Soci\u00e9t\u00e9, vol. 2 n\u00b0 1, 1983.<\/em><\/p>\n\n\n\n<p><a href=\"#_ftnref19\" id=\"_ftn19\">[19]<\/a> African Rights. Rwanda: Death, Despair and Defiance. London, African Rights, 1994. Abderahman WABERI<em><\/em><\/p>\n\n\n\n<p><a href=\"#_ftnref20\" id=\"_ftn20\">[20]<\/a> Mukimbiri (J.). Repr\u00e9sentations litt\u00e9raires et orientations d\u2019un g\u00e9nocide en Afrique. Th\u00e8se de doctorat. Universit\u00e9 Catholique de Louvain, 2007.<\/p>\n\n\n\n<p><a href=\"#_ftnref21\" id=\"_ftn21\">[21]<\/a> Eliade (M.). Aspects du mythe, Paris, Gallimard, 1988.<\/p>\n\n\n\n<p><a href=\"#_ftnref22\" id=\"_ftn22\">[22]<\/a> Mukimbiri (J.). Repr\u00e9sentations litt\u00e9raires et orientations d\u2019un g\u00e9nocide en Afrique. Th\u00e8se de doctorat. Universit\u00e9 Catholique de Louvain, 2007.<\/p>\n\n\n\n<p><a href=\"#_ftnref23\" id=\"_ftn23\">[23]<\/a> Lemarchand (R.). Rwanda and Burundi. New-York, Praeger, 1970.<\/p>\n\n\n\n<p><a href=\"#_ftnref24\" id=\"_ftn24\">[24]<\/a> Ashford (D.). Ideology and Participation. Beverly Hills, Sage Publications, 1969, p. 50.<\/p>\n\n\n\n<p><a href=\"#_ftnref25\" id=\"_ftn25\">[25]<\/a> Mukimbiri (J.). Repr\u00e9sentations litt\u00e9raires et orientations d\u2019un g\u00e9nocide en Afrique. Th\u00e8se de doctorat. Universit\u00e9 Catholique de Louvain, 2007.<\/p>\n\n\n\n<p><a href=\"#_ftnref26\" id=\"_ftn26\">[26]<\/a> Malinowski (B.). Le mythe dans la psychologie primitive, dans <em>Trois essais sur la vie sociale des primitifs<\/em>. Paris. Payot, 1968 ( trad.fran\u00e7aise de Myth in primitive psychology, 1926.<\/p>\n\n\n\n<p><a href=\"#_ftnref27\" id=\"_ftn27\">[27]<\/a>Deproost (P.-A. ), Dufays (J.-L. ), Tilleuil (J.-L. ), Watthee-Delmotte (M. ), van Ypersele (L. ). Mythe, st\u00e9r\u00e9otype, arch\u00e9type : pour une clarification&nbsp;&nbsp; des concepts, in Cahiers \u00c9lectroniques de l\u2019Imaginaire, N\u00b0 1&nbsp;: 2002-2003, p. 24.&nbsp;&nbsp;&nbsp;&nbsp;&nbsp;&nbsp;&nbsp;&nbsp;&nbsp;&nbsp;<\/p>\n\n\n\n<p><a href=\"#_ftnref28\" id=\"_ftn28\">[28]<\/a> King (M.). \u2018\u2019Rwanda. Malthus and Medicus Mundi\u2019\u2019. <em>Medicus Mundi Bulletin no 54, 1994.<\/em><\/p>\n\n\n\n<p><a href=\"#_ftnref29\" id=\"_ftn29\">[29]<\/a> Bonneux (L.).&nbsp; Rwanda. A Case of Demographic Entrapment. Lancet 344, no 17, 1994, p. 1689-1690. Expliqu\u00e9 ar Jean-Paul Kimonyo, op. cit.<\/p>\n\n\n\n<p><a href=\"#_ftnref30\" id=\"_ftn30\">[30]<\/a> Ryentjens (F.). L\u2019Afrique des Grands Lacs en Crise. Paris, Karthala, 1994, p. 125.<\/p>\n\n\n\n<p>Reyntjens (F.). \u2018\u2019 Akazu, \u2018\u2019Escadrons de la mort\u2019\u2019 et \u2018\u2019autres \u2018\u2019 R\u00e9seau Z\u00e9ro\u2019\u2019&nbsp;: un historique des r\u00e9sistances aux changements politiques depuis 1990\u2019\u2019. In Les crises politiques au Burundi et au Rwanda. (1993-1994), sous la direction d\u2019Andr\u00e9 Guichaoua. Paris and Lille, 1995, Karthala et Universit\u00e9 des Sciences et de Technologie de Lille, p. 1995.<\/p>\n\n\n\n<p>[30] Kamanzi (N.). Rwanda, du g\u00e9nocide \u00e0 la d\u00e9faite. Kigali, \u00c9ditions Rebero, 1997, p. 69.<\/p>\n\n\n\n<p><a href=\"#_ftnref31\" id=\"_ftn31\">[31]<\/a> Marysse (S.), Tom de Herdt et Ndayambaje (E.). \u2018<em>\u2019Rwanda, appauvrissement et ajustement structurel.\u2019\u2019 1994, Cahiers Africains, no 12.<\/em><\/p>\n\n\n\n<p><a href=\"#_ftnref32\" id=\"_ftn32\">[32]<\/a> Maton (J.). D\u00e9veloppement \u00e9conomique et social au Rwanda entre 1980 et 1993. Le dixi\u00e8me d\u00e9cile en face de l\u2019Apocalypse. Ghent, State University of Ghent, Faculty of Economics, Unit for Development Research and Teaching, 1994.<\/p>\n\n\n\n<p><a href=\"#_ftnref33\" id=\"_ftn33\">[33]<\/a> Young (C.). (dir.publ.). The Rising Tide of Cultural Pluralism. Madison, The University of Wisconsin Press, 1993.<\/p>\n\n\n\n<p><a href=\"#_ftnref34\" id=\"_ftn34\">[34]<\/a> Bayard (J.-B.)., Mbembe (A.) et Comi Toulabor. La politique par le bas en Afrique noire. Paris, Karthala, 1992.<\/p>\n\n\n\n<p><a href=\"#_ftnref35\" id=\"_ftn35\">[35]<\/a> Kamanzi (N.). Rwanda, du g\u00e9nocide \u00e0 la d\u00e9faite. Kigali, \u00c9ditions Rebero, 1997.<\/p>\n\n\n\n<p><a href=\"#_ftnref36\" id=\"_ftn36\">[36]<\/a> Deproost (P.-A), Watthee-Delmotte (M.), van Ypersele (L.). Le contexte historique: Structures et pouvoirs des imaginaires. H\u00e9ro\u00eesation et questionnement identaitaire en Occident. Louvain-La-Neuve, novembre 2001, p. 7-8.<\/p>\n\n\n\n<p><a href=\"#_ftnref37\" id=\"_ftn37\">[37]<\/a> Poliakov (L.). Le racisme. Paris, Seghers, 1976, p. 106. L\u00e9on Poliakov anime alors, comme directeur de recherche au CNRS \u00e0 Paris, un groupe d\u2019\u00e9tudes sur le racisme.<\/p>\n\n\n\n<p><a href=\"#_ftnref38\" id=\"_ftn38\">[38]<\/a> Poliakov (L.). Pouvoir et droit au Rwanda, 1916-1973. Bruxells, Tervuren, 1985, p. 454.<\/p>\n\n\n\n<p><a href=\"#_ftnref39\" id=\"_ftn39\">[39]<\/a> Poliakov (L.). Le racisme. Paris, Seghers, 1976, p. 106. L\u00e9on Poliakov anime alors, comme directeur de recherche au CNRS \u00e0 Paris, un groupe d\u2019\u00e9tudes sur le racisme.<\/p>\n\n\n\n<p><a href=\"#_ftnref40\" id=\"_ftn40\">[40]<\/a> <a><\/a><a><\/a><a><\/a><a><\/a><a>Omer Marchal. <\/a>Pleure, \u00d4 Rwanda bien-aim\u00e9.<em> <\/em>Les Batutsi, un holocauste oubli\u00e9.Villance-en-Ardenne, Omer Marchal \u00e9diteur, 1994.<\/p>\n\n\n\n<p><a href=\"#_ftnref41\" id=\"_ftn41\">[41]<\/a> Rwanda Carrefour d\u2019Afrique, No 31. L\u2019adresse du Pr\u00e9sident Kayibanda aux Rwandais \u00e9migr\u00e9s ou r\u00e9fugi\u00e9s \u00e0 l\u2019\u00e9tranger,<\/p>\n\n\n\n<p>Kigali 11 mars 1963<\/p>\n\n\n\n<p><a href=\"#_ftnref42\" id=\"_ftn42\">[42]<\/a> Deproost (P.-A. ), Dufays (J.-L. ), Tilleuil (J.-L. ), Watthee-Delmotte (M. ), van Ypersele (L. ). Mythe, st\u00e9r\u00e9otype, arch\u00e9type : pour une clarification des concepts, in <em>Cahiers \u00c9lectroniques de l\u2019Imaginaire, N\u00b0 1&nbsp;: 2002-2003.<\/em> &nbsp;<\/p>\n","protected":false},"excerpt":{"rendered":"<div class=\"mh-excerpt\"><p>Par D\u00e9ogratias Mazina Pr\u00e9sentation lors du colloque \u2018Savoirs, sources et ressources sur le g\u00e9nocide perp\u00e9tr\u00e9 contre les Tutsis au Rwanda\u2019, 11-14 septembre 2023, Paris: Panel <a class=\"mh-excerpt-more\" href=\"https:\/\/resirg.org\/beta\/les-quatre-orientations-interpretatives-du-genocide-des-tutsi-qui-guident-ou-freinent-les-recherches-et-la-transmission-de-la-memoire\/\" title=\"Les quatre orientations interpr\u00e9tatives du g\u00e9nocide des Tutsi qui guident ou freinent les recherches et la transmission de la m\u00e9moire\">[&#8230;]<\/a><\/p>\n<\/div>","protected":false},"author":1,"featured_media":803,"comment_status":"open","ping_status":"open","sticky":false,"template":"","format":"standard","meta":{"footnotes":""},"categories":[1],"tags":[],"class_list":["post-1095","post","type-post","status-publish","format-standard","has-post-thumbnail","hentry","category-uncategorized"],"_links":{"self":[{"href":"https:\/\/resirg.org\/beta\/wp-json\/wp\/v2\/posts\/1095","targetHints":{"allow":["GET"]}}],"collection":[{"href":"https:\/\/resirg.org\/beta\/wp-json\/wp\/v2\/posts"}],"about":[{"href":"https:\/\/resirg.org\/beta\/wp-json\/wp\/v2\/types\/post"}],"author":[{"embeddable":true,"href":"https:\/\/resirg.org\/beta\/wp-json\/wp\/v2\/users\/1"}],"replies":[{"embeddable":true,"href":"https:\/\/resirg.org\/beta\/wp-json\/wp\/v2\/comments?post=1095"}],"version-history":[{"count":1,"href":"https:\/\/resirg.org\/beta\/wp-json\/wp\/v2\/posts\/1095\/revisions"}],"predecessor-version":[{"id":1096,"href":"https:\/\/resirg.org\/beta\/wp-json\/wp\/v2\/posts\/1095\/revisions\/1096"}],"wp:featuredmedia":[{"embeddable":true,"href":"https:\/\/resirg.org\/beta\/wp-json\/wp\/v2\/media\/803"}],"wp:attachment":[{"href":"https:\/\/resirg.org\/beta\/wp-json\/wp\/v2\/media?parent=1095"}],"wp:term":[{"taxonomy":"category","embeddable":true,"href":"https:\/\/resirg.org\/beta\/wp-json\/wp\/v2\/categories?post=1095"},{"taxonomy":"post_tag","embeddable":true,"href":"https:\/\/resirg.org\/beta\/wp-json\/wp\/v2\/tags?post=1095"}],"curies":[{"name":"wp","href":"https:\/\/api.w.org\/{rel}","templated":true}]}}