{"id":1058,"date":"2023-09-11T10:55:16","date_gmt":"2023-09-11T10:55:16","guid":{"rendered":"https:\/\/resirg.org\/beta\/?p=1058"},"modified":"2023-09-11T11:16:12","modified_gmt":"2023-09-11T11:16:12","slug":"communique-de-resirg-asblhommage-au-professeur-eric-david","status":"publish","type":"post","link":"https:\/\/resirg.org\/beta\/communique-de-resirg-asblhommage-au-professeur-eric-david\/","title":{"rendered":"COMMUNIQU\u00c9 DE RESIRG Asbl HOMMAGE AU PROFESSEUR ERIC DAVID"},"content":{"rendered":"\t\t<div data-elementor-type=\"wp-post\" data-elementor-id=\"1058\" class=\"elementor elementor-1058\">\n\t\t\t\t\t\t<section class=\"elementor-section elementor-top-section elementor-element elementor-element-2cec37c0 elementor-section-boxed elementor-section-height-default elementor-section-height-default\" data-id=\"2cec37c0\" data-element_type=\"section\">\n\t\t\t\t\t\t<div class=\"elementor-container elementor-column-gap-default\">\n\t\t\t\t\t<div class=\"elementor-column elementor-col-100 elementor-top-column elementor-element elementor-element-f3555b8\" data-id=\"f3555b8\" data-element_type=\"column\">\n\t\t\t<div class=\"elementor-widget-wrap elementor-element-populated\">\n\t\t\t\t\t\t<div class=\"elementor-element elementor-element-7ea75ff9 elementor-widget elementor-widget-text-editor\" data-id=\"7ea75ff9\" data-element_type=\"widget\" data-widget_type=\"text-editor.default\">\n\t\t\t\t<div class=\"elementor-widget-container\">\n\t\t\t\t\t\t\t\t\t\n<p>Le Professeur \u00c9ric David, sp\u00e9cialiste du droit humanitaire et du droit p\u00e9nal<br \/>international \u00e0 l\u2019Universit\u00e9 Libre de Bruxelles, nous a quitt\u00e9s, ce jeudi 31 ao\u00fbt 2023.<br \/>C\u2019est avec grande tristesse que le R\u00e9seau International Recherche &amp; G\u00e9nocide<br \/>(RESIRG Asbl) a appris la tr\u00e8s triste nouvelle de sa disparition.<br \/>Le Professeur \u00c9ric David avait aimablement accept\u00e9 de participer au colloque du 30<br \/>mai 2023, au Parlement europ\u00e9en, sur le th\u00e8me de la complicit\u00e9 ou la culpabilit\u00e9 de<br \/>la communaut\u00e9 internationale, pendant le g\u00e9nocide qui a \u00e9t\u00e9 perp\u00e9tr\u00e9 contre les<br \/>Tutsis du Rwanda en 1994 .<br \/>RESIRG Asbl lui avait demand\u00e9 de nous parler de la responsabilit\u00e9 de la<br \/>communaut\u00e9 internationale dans le g\u00e9nocide en cause et, malgr\u00e9 la fragilit\u00e9 de son<br \/>\u00e9tat de sant\u00e9, il avait tenu \u00e0 y contribuer et nous envoy\u00e9, par \u00e9crit, le texte de son<br \/>intervention par \u00e9crit.<br \/>La Belgique, la communaut\u00e9 scientifique des juristes, mais surtout, les rescap\u00e9s du<br \/>g\u00e9nocide des Tutsis du Rwanda viennent de perdre un infatigable porte-parole de la<br \/>justice Internationale.<br \/>Figure de proue de la loi de la comp\u00e9tence universelle en Belgique, \u00c9ric David<br \/>n&#8217;h\u00e9sitait jamais \u00e0 s\u2019engager quand il l\u2019estimait n\u00e9cessaire.<br \/>Fervent d\u00e9fenseur de la lutte contre &#8220;les g\u00e9nocides&#8221;, de la m\u00e9moire et des<br \/>m\u00e9moriaux des victimes, l\u2019homme laisse, sans nul doute, un vide immense.<br \/>C&#8217;est avec cette humanit\u00e9 qu&#8217;il s\u2019est beaucoup investi dans la mise sur pied<br \/>du Tribunal P\u00e9nal International pour le Rwanda (TPIR), et il a toujours \u00e9t\u00e9 en faveur<br \/>de la r\u00e9paration civile due par la communaut\u00e9 internationale aux victimes,<br \/>parall\u00e8lement \u00e0 la r\u00e9paration p\u00e9nale sous forme de peines prononc\u00e9es par les<br \/>instances judiciaires contre les personnes reconnues coupables de crimes du<br \/>g\u00e9nocide concern\u00e9.<br \/>Autant aupr\u00e8s du TPIR, o\u00f9 il a plaid\u00e9 depuis le d\u00e9but, que dans ses \u00e9crits, ainsi que<br \/>dans bien des colloques \u00e0 Bruxelles ou ailleurs, il a toujours soutenu les rescap\u00e9s,<br \/>en les guidant, tout singuli\u00e8rement dans la lecture des responsabilit\u00e9s des auteurs du<br \/>g\u00e9nocide perp\u00e9tr\u00e9 contre les Tutsis du Rwanda.<br \/>Repose en paix, tr\u00e8s Cher \u00c9ric David, comme on dit dans ce latin du droit romain o\u00f9<br \/>tu as \u00e9t\u00e9 nourri : \u00ab Si tibi terra levis ! \u00bb<\/p>\n<p>Pour le RESIRG asbl,<br \/>D\u00e9ogratias MAZINA, Pr\u00e9siden<\/p>\n\t\t\t\t\t\t\t\t<\/div>\n\t\t\t\t<\/div>\n\t\t\t\t\t<\/div>\n\t\t<\/div>\n\t\t\t\t\t<\/div>\n\t\t<\/section>\n\t\t\t\t<\/div>\n\t\t","protected":false},"excerpt":{"rendered":"<div class=\"mh-excerpt\"><p>Le Professeur \u00c9ric David, sp\u00e9cialiste du droit humanitaire et du droit p\u00e9nalinternational \u00e0 l\u2019Universit\u00e9 Libre de Bruxelles, nous a quitt\u00e9s, ce jeudi 31 ao\u00fbt 2023.C\u2019est <a class=\"mh-excerpt-more\" href=\"https:\/\/resirg.org\/beta\/communique-de-resirg-asblhommage-au-professeur-eric-david\/\" title=\"COMMUNIQU\u00c9 DE RESIRG Asbl HOMMAGE AU PROFESSEUR ERIC DAVID\">[&#8230;]<\/a><\/p>\n<\/div>","protected":false},"author":1,"featured_media":673,"comment_status":"open","ping_status":"open","sticky":false,"template":"","format":"standard","meta":{"footnotes":""},"categories":[1],"tags":[],"class_list":["post-1058","post","type-post","status-publish","format-standard","has-post-thumbnail","hentry","category-uncategorized"],"_links":{"self":[{"href":"https:\/\/resirg.org\/beta\/wp-json\/wp\/v2\/posts\/1058","targetHints":{"allow":["GET"]}}],"collection":[{"href":"https:\/\/resirg.org\/beta\/wp-json\/wp\/v2\/posts"}],"about":[{"href":"https:\/\/resirg.org\/beta\/wp-json\/wp\/v2\/types\/post"}],"author":[{"embeddable":true,"href":"https:\/\/resirg.org\/beta\/wp-json\/wp\/v2\/users\/1"}],"replies":[{"embeddable":true,"href":"https:\/\/resirg.org\/beta\/wp-json\/wp\/v2\/comments?post=1058"}],"version-history":[{"count":23,"href":"https:\/\/resirg.org\/beta\/wp-json\/wp\/v2\/posts\/1058\/revisions"}],"predecessor-version":[{"id":1084,"href":"https:\/\/resirg.org\/beta\/wp-json\/wp\/v2\/posts\/1058\/revisions\/1084"}],"wp:featuredmedia":[{"embeddable":true,"href":"https:\/\/resirg.org\/beta\/wp-json\/wp\/v2\/media\/673"}],"wp:attachment":[{"href":"https:\/\/resirg.org\/beta\/wp-json\/wp\/v2\/media?parent=1058"}],"wp:term":[{"taxonomy":"category","embeddable":true,"href":"https:\/\/resirg.org\/beta\/wp-json\/wp\/v2\/categories?post=1058"},{"taxonomy":"post_tag","embeddable":true,"href":"https:\/\/resirg.org\/beta\/wp-json\/wp\/v2\/tags?post=1058"}],"curies":[{"name":"wp","href":"https:\/\/api.w.org\/{rel}","templated":true}]}}