{"id":1038,"date":"2023-04-07T08:33:35","date_gmt":"2023-04-07T08:33:35","guid":{"rendered":"https:\/\/resirg.org\/beta\/?p=1038"},"modified":"2023-09-11T11:32:05","modified_gmt":"2023-09-11T11:32:05","slug":"communique-de-presse29eme-commemoration-des-victimes-du-genocide-commis-contre-les-tutsis-du-rwanda","status":"publish","type":"post","link":"https:\/\/resirg.org\/beta\/communique-de-presse29eme-commemoration-des-victimes-du-genocide-commis-contre-les-tutsis-du-rwanda\/","title":{"rendered":"COMMUNIQU\u00c9 DE PRESSE29\u00e8me Comm\u00e9moration des victimes du G\u00e9nocide commis contre les Tutsis du Rwanda"},"content":{"rendered":"\t\t<div data-elementor-type=\"wp-post\" data-elementor-id=\"1038\" class=\"elementor elementor-1038\">\n\t\t\t\t\t\t<section class=\"elementor-section elementor-top-section elementor-element elementor-element-508bfe39 elementor-section-boxed elementor-section-height-default elementor-section-height-default\" data-id=\"508bfe39\" data-element_type=\"section\">\n\t\t\t\t\t\t<div class=\"elementor-container elementor-column-gap-default\">\n\t\t\t\t\t<div class=\"elementor-column elementor-col-100 elementor-top-column elementor-element elementor-element-16dacf1c\" data-id=\"16dacf1c\" data-element_type=\"column\">\n\t\t\t<div class=\"elementor-widget-wrap elementor-element-populated\">\n\t\t\t\t\t\t<div class=\"elementor-element elementor-element-3c5bb4e1 elementor-widget elementor-widget-text-editor\" data-id=\"3c5bb4e1\" data-element_type=\"widget\" data-widget_type=\"text-editor.default\">\n\t\t\t\t<div class=\"elementor-widget-container\">\n\t\t\t\t\t\t\t\t\t\n<p>COMMUNIQU\u00c9 DE PRESSE<br>29\u00e8me Comm\u00e9moration des victimes du G\u00e9nocide commis contre les Tutsis du Rwanda<br>7avril 1994 &#8211; 7avril 2023 : 29 ans. Le pire des pires s\u2019est produit, l\u2019innommable, l\u2019inexprimable,<br>l\u2019in\u00e9narrable, l\u2019irrepr\u00e9sentable. Que savons-nous de cette r\u00e9alit\u00e9 port\u00e9e \u00e0 l\u2019\u00e9chelle d\u2019un peu<br>plus d\u2019un million de victimes qui, avant Rapha\u00ebl LEMKIN, en 1943, n\u2019avait encore trouv\u00e9 de<br>nom dans aucune langue ?<br>29 ans de Comm\u00e9morations des victimes du g\u00e9nocide qui a \u00e9t\u00e9 perp\u00e9tr\u00e9 contre les Tutsis du<br>Rwanda, emportant plus d&#8217;un million de Tutsis : du plus \u00e2g\u00e9 au plus jeune, et jusqu\u2019\u00e0 ces<br>f\u0153tus qui ne verront jamais le soleil\u2026 Et l\u2019on nous demanderait d\u2019oublier.<br>\u00ab Qui se souvient des Arm\u00e9niens ? \u00bb, aurait prof\u00e9r\u00e9 Adolf HITLER le 22 ao\u00fbt 1939, \u00e0 la veille<br>de l\u2019irr\u00e9parable qui aura emport\u00e9 six millions de Juifs. \u00c0 celles et \u00e0 ceux qui seraient tent\u00e9s<br>d\u2019oublier, ou qui sont d\u00e9j\u00e0 frapp\u00e9s d\u2019amn\u00e9sie, voire d\u2019aphasie, \u00c9lie WIESEL interpelle, non<br>seulement rescap\u00e9s ou survivants, mais l\u2019humanit\u00e9 tout enti\u00e8re : \u00ab Le bourreau tue deux fois :<br>la premi\u00e8re fois par l\u2019\u00e9p\u00e9e, la deuxi\u00e8me fois par l\u2019oubli. \u00bb<br>Cette ann\u00e9e, la comm\u00e9moration de ce 7 avril survient au moment o\u00f9 les signes avant<br>coureurs d\u2019un g\u00e9nocide apparaissent dans un pays voisin du Rwanda, comme si le &#8220;Plus<br>jamais \u00e7a&#8221;, proclam\u00e9 au lendemain de la Shoah, \u00e9tait vain ou utopique.<br>Dans notre communiqu\u00e9 du 19 d\u00e9cembre 2022, nous avions lanc\u00e9 un appel, une<br>interpellation, des plus urgentes, dans le contexte d\u2019une guerre civile en R\u00e9publique D\u00e9mocratique<br>du Congo (RDC).<br>\u00c9manant d\u2019autorit\u00e9s \u00e0 la fois officielles et publiques, des discours de haine et des appels \u00e0 la violence<br>proc\u00e8dent \u00e0 la stigmatisation des Tutsis Rwandophones Congolais et \u00e0 la d\u00e9molition des symboles, tels<br>des temples majoritairement attribu\u00e9s auxdits Tutsis.<br>Le mode op\u00e9ratoire ici rappelle l\u2019hypoth\u00e8se de John GREGORY STANTON, hypoth\u00e8se qui se d\u00e9cline<br>en 10 \u00e9tapes : classification, symbolisation, discriminations, d\u00e9shumanisation, organisation,<br>polarisation, pr\u00e9paration, pers\u00e9cution, projet d\u2019extermination, d\u00e9ni du g\u00e9nocide. Dans une impunit\u00e9<br>\u00e9vidente, les incitations \u00e0 la haine et au nettoyage ethnique sont relay\u00e9es par les m\u00e9dias sociaux, qui<br>s\u2019en donnent \u00e0 c\u0153ur joie, car implicitement ou explicitement soutenues par les plus hautes autorit\u00e9s du<br>pays.<br>L\u2019histoire nous montre que la communaut\u00e9 internationale a, malheureusement, dans le pass\u00e9,<br>largement ignor\u00e9 de tels appels, jusqu\u2019\u00e0 ce que survienne le pire. Il existe un risque, ici aussi, d\u2019une<br>intervention tardive. Or, plus tard risque alors d\u2019\u00eatre trop tard.<br>Pourtant, l\u2019Organisation des Nations Unies, ainsi que certains Gouvernements et Organisations, ont<br>d\u00e9velopp\u00e9 des m\u00e9canismes dits \u00ab d\u2019alertes pr\u00e9coces \u00bb, reposant, notamment, sur des observateurs sur<br>le terrain, pour intervenir en temps utile, avec des moyens l\u00e9gaux, sur le double plan humanitaire et<br>militaire. Nous esp\u00e9rons que l\u2019ONU, qui a d\u00e9sign\u00e9 le 7 avril comme \u00ab Journ\u00e9e internationale de<br>r\u00e9flexion sur le g\u00e9nocide de 1994 contre les Tutsis au Rwanda \u00bb tire, d\u00e9j\u00e0, les le\u00e7ons du pass\u00e9, et<br>n\u2019assiste pas, passivement, au d\u00e9veloppement de massacres de masse, comme il l&#8217;a fait pour le<br>g\u00e9nocide des Tutsis du Rwanda.<br>Prenant toute la mesure de sa mission, de ses buts et de ses objectifs, le R\u00e9seau International<br>Recherche et G\u00e9nocide (RESIRG Asbl) envisage de mener des travaux de recherche, non<br>seulement sur la pr\u00e9servation de la m\u00e9moire des victimes dudit g\u00e9nocide, mais il est aussi r\u00e9solu \u00e0<br>alerter le public, sur toute \u00e9ventualit\u00e9 de g\u00e9nocide, pour que soit toujours allum\u00e9 le flambeau du &#8220;Plus<br>jamais \u00e7a.&#8221; : \u00ab Le processus de d\u00e9shumanisation men\u00e9 \u00e0 son terme inspire une r\u00e9flexion in\u00e9puisable<br>sur la conscience et la dignit\u00e9 des hommes, car le pire est toujours possible \u00bb (Simone Veil, Discours \u00e0<br>l\u2019ONU, 29 janvier 2007)<br>Fait \u00e0 Bruxelles, le 7 avril 2023<br>D\u00e9o MAZINA<br>Pr\u00e9sident du R\u00e9seau International Recherche et G\u00e9nocide<\/p>\n\t\t\t\t\t\t\t\t<\/div>\n\t\t\t\t<\/div>\n\t\t\t\t\t<\/div>\n\t\t<\/div>\n\t\t\t\t\t<\/div>\n\t\t<\/section>\n\t\t\t\t<\/div>\n\t\t","protected":false},"excerpt":{"rendered":"<div class=\"mh-excerpt\"><p>COMMUNIQU\u00c9 DE PRESSE29\u00e8me Comm\u00e9moration des victimes du G\u00e9nocide commis contre les Tutsis du Rwanda7avril 1994 &#8211; 7avril 2023 : 29 ans. Le pire des pires <a class=\"mh-excerpt-more\" href=\"https:\/\/resirg.org\/beta\/communique-de-presse29eme-commemoration-des-victimes-du-genocide-commis-contre-les-tutsis-du-rwanda\/\" title=\"COMMUNIQU\u00c9 DE PRESSE29\u00e8me Comm\u00e9moration des victimes du G\u00e9nocide commis contre les Tutsis du Rwanda\">[&#8230;]<\/a><\/p>\n<\/div>","protected":false},"author":1,"featured_media":674,"comment_status":"open","ping_status":"open","sticky":false,"template":"","format":"standard","meta":{"footnotes":""},"categories":[1],"tags":[],"class_list":["post-1038","post","type-post","status-publish","format-standard","has-post-thumbnail","hentry","category-uncategorized"],"_links":{"self":[{"href":"https:\/\/resirg.org\/beta\/wp-json\/wp\/v2\/posts\/1038","targetHints":{"allow":["GET"]}}],"collection":[{"href":"https:\/\/resirg.org\/beta\/wp-json\/wp\/v2\/posts"}],"about":[{"href":"https:\/\/resirg.org\/beta\/wp-json\/wp\/v2\/types\/post"}],"author":[{"embeddable":true,"href":"https:\/\/resirg.org\/beta\/wp-json\/wp\/v2\/users\/1"}],"replies":[{"embeddable":true,"href":"https:\/\/resirg.org\/beta\/wp-json\/wp\/v2\/comments?post=1038"}],"version-history":[{"count":4,"href":"https:\/\/resirg.org\/beta\/wp-json\/wp\/v2\/posts\/1038\/revisions"}],"predecessor-version":[{"id":1087,"href":"https:\/\/resirg.org\/beta\/wp-json\/wp\/v2\/posts\/1038\/revisions\/1087"}],"wp:featuredmedia":[{"embeddable":true,"href":"https:\/\/resirg.org\/beta\/wp-json\/wp\/v2\/media\/674"}],"wp:attachment":[{"href":"https:\/\/resirg.org\/beta\/wp-json\/wp\/v2\/media?parent=1038"}],"wp:term":[{"taxonomy":"category","embeddable":true,"href":"https:\/\/resirg.org\/beta\/wp-json\/wp\/v2\/categories?post=1038"},{"taxonomy":"post_tag","embeddable":true,"href":"https:\/\/resirg.org\/beta\/wp-json\/wp\/v2\/tags?post=1038"}],"curies":[{"name":"wp","href":"https:\/\/api.w.org\/{rel}","templated":true}]}}