{"id":1032,"date":"2022-12-23T16:09:36","date_gmt":"2022-12-23T16:09:36","guid":{"rendered":"https:\/\/resirg.org\/beta\/?p=1032"},"modified":"2022-12-23T16:09:38","modified_gmt":"2022-12-23T16:09:38","slug":"communique-du-resirgalerte-precoce-a-lintention-de-la-communaute-scientifique-surun-probable-genocide-des-populations-tutsies-en-republiquedemocratique-du-congo","status":"publish","type":"post","link":"https:\/\/resirg.org\/beta\/communique-du-resirgalerte-precoce-a-lintention-de-la-communaute-scientifique-surun-probable-genocide-des-populations-tutsies-en-republiquedemocratique-du-congo\/","title":{"rendered":"COMMUNIQUE DU RESIRG<br>ALERTE PRECOCE A L&#8217;INTENTION DE LA COMMUNAUTE SCIENTIFIQUE SUR<br>UN PROBABLE GENOCIDE DES POPULATIONS TUTSIES EN REPUBLIQUE<br>DEMOCRATIQUE DU CONGO"},"content":{"rendered":"\n<p>R\u00e9seau International Recherche et G\u00e9nocide (RESIRG<br>asbl)<br>Avenue Jules BORDET 160 \/ 16, 1140 EVERE<br>T\u00e9l : +32 497 02 03 23<br>E-mail: info@resirg.org ou resirgbe@yahoo.com<br>Website: http:\/\/www.resirg.org\/<br>COMMUNIQUE DU RESIRG<br>ALERTE PRECOCE A L&#8217;INTENTION DE LA COMMUNAUTE SCIENTIFIQUE SUR<br>UN PROBABLE GENOCIDE DES POPULATIONS TUTSIES EN REPUBLIQUE<br>DEMOCRATIQUE DU CONGO<br>Alors que nous recevons des informations sur un possible g\u00e9nocide anti-tutsi, en<br>R\u00e9publique D\u00e9mocratique du Congo, dans le contexte d\u2019une guerre civile qui<br>implique, notamment, une organisation sociale, politique et militaire connue sous le<br>nom du Mouvement du 23 mars, notre Association, R\u00e9seau International Recherche<br>et G\u00e9nocide (RESIRG asbl), lance une alerte sur le sens \u00e9l\u00e9mentaire de l\u2019humain,<br>face au risque de g\u00e9nocide, au pays de S.E. le Pr\u00e9sident F\u00e9lix Antoine Tshilombo<br>Tshisekedi.<br>On observe, en effet, actuellement, des signes annonciateurs, avec des discours de<br>haine et des appels \u00e0 la violence, \u00e9manant, notamment, d\u2019autorit\u00e9s officielles et<br>publiques d\u00e9j\u00e0 bien identifi\u00e9es. Venant de hauts lieux du pouvoir, la stigmatisation du<br>groupe-cible est relay\u00e9e sur des r\u00e9seaux sociaux. La vis\u00e9e ultime de tels appels et<br>de tels discours est d\u2019exterminer ce groupe, sur base de son appartenance ethnique.<br>Des assassinats cibl\u00e9s, r\u00e9alis\u00e9s sur le mode op\u00e9ratoire du Hutu Power, au Rwanda,<br>en 1994, sont d\u00e9j\u00e0 document\u00e9s. La communaut\u00e9 internationale ayant<br>malheureusement ignor\u00e9 ces appels jusqu\u2019\u00e0 ce que le pire arrive, elle risque, ici<br>aussi, de n\u2019intervenir que pour compter les morts.<br>Prenant toute la mesure des responsabilit\u00e9s scientifiques qui sont les siennes,<br>RESIRG convie toute la communaut\u00e9 scientifique internationale \u00e0 offrir ses<br>comp\u00e9tences, pour \u00e9lucider la probl\u00e9matique d\u2019un processus g\u00e9nocidaire en train de<br>se dessiner. Ainsi que le pr\u00e9cise le Professeur Georges P. Fletcher, de l\u2019Universit\u00e9<br>de Columbia, USA : \u00ab The words have become both weapons and battlefield : Les<br>mots sont devenus \u00e0 la fois armes et champs de bataille. \u00bb La l\u00e9gitimit\u00e9 scientifique<br>se doit d\u2019\u00eatre assur\u00e9e par la rigueur, la coh\u00e9rence et la progressivit\u00e9 de la m\u00e9thode.<br>RESIRG souhaite appeler la communaut\u00e9 des chercheurs \u00e0 mener des<br>investigations qui se placeraient sous le seul signe de la responsabilit\u00e9 scientifique :<\/p>\n\n\n\n<ul class=\"wp-block-list\">\n<li>responsabilit\u00e9 qui trace une ligne de \u00ab d\u00e9marcation entre discours politique,<br>id\u00e9ologique et discours scientifique \u00bb, le premier \u00ab maximisant les confirmations \u00bb de<br>sa th\u00e8se et \u00ab minimisant les infirmations \u00bb, ce qui, selon \u00ab La th\u00e9orie de la<br>connaissance \u00bb, se trouve \u00ab \u00e0 l\u2019oppos\u00e9 de l\u2019esprit scientifique \u00bb, ainsi qu\u2019en avertit un<br>\u00e9minent chercheur, \u00e0 savoir Claude Troisfontaines1<br>.<\/li>\n\n\n\n<li>responsabilit\u00e9 scientifique sur l\u2019ad\u00e9quation entre les faits et leur qualification, sur la<br>clarification terminologique des faits, en commen\u00e7ant par v\u00e9rifier la r\u00e9alit\u00e9 des<br>m\u00e9faits et des exactions qui auraient \u00e9t\u00e9 commis, ou qui seraient en train d\u2019\u00eatre<br>commis ;<\/li>\n\n\n\n<li>responsabilit\u00e9 scientifique quant \u00e0 la validit\u00e9 de la documentation et des<br>t\u00e9moignages, dans toute la diversit\u00e9 de leur nature, par rapport \u00e0 la mati\u00e8re en objet.<br>C\u2019est alors que seront dits droit et justice et, ainsi, affirmer \u00ab le lien entre le coupable<br>et ses victimes, ou, dans le cas d\u2019un crime contre l\u2019humanit\u00e9, entre le coupable et la<br>communaut\u00e9 humaine2<br>. \u00bb<br>Cela \u00e9tant pos\u00e9, il y aurait ind\u00e9cence \u00e0 ignorer les morts, du seul fait que la<br>qualification n\u2019en est pas imputable au g\u00e9nocide. Notre pens\u00e9e va donc aux victimes,<br>\u00e0 toutes les victimes, et \u00e0 leurs familles, dans cette guerre qui avait tout pour \u00eatre<br>\u00e9vit\u00e9e.<\/li>\n<\/ul>\n\n\n\n<p>Fait \u00e0 Bruxelles, le 19 d\u00e9cembre 2022<br>Pour le R\u00e9seau International Recherche et G\u00e9nocide (RESIRG asbl)<br>1<br>Troisfontaine C. Th\u00e9orie de la connaissance. Louvain-La-Neuve. Diffusion universitaire, 2000, p. 6-7.<br>2<br>Fierens (J.). La qualification de g\u00e9nocide devant le Tribunal P\u00e9nal International pour le Rwanda et devant les<br>juridictions rwandaises. Journ\u00e9e des g\u00e9nocides et des crimes contre l\u2019humanit\u00e9. Lyon, 24 avril 2002.<\/p>\n","protected":false},"excerpt":{"rendered":"<div class=\"mh-excerpt\"><p>R\u00e9seau International Recherche et G\u00e9nocide (RESIRGasbl)Avenue Jules BORDET 160 \/ 16, 1140 EVERET\u00e9l : +32 497 02 03 23E-mail: info@resirg.org ou resirgbe@yahoo.comWebsite: http:\/\/www.resirg.org\/COMMUNIQUE DU RESIRGALERTE <a class=\"mh-excerpt-more\" href=\"https:\/\/resirg.org\/beta\/communique-du-resirgalerte-precoce-a-lintention-de-la-communaute-scientifique-surun-probable-genocide-des-populations-tutsies-en-republiquedemocratique-du-congo\/\" title=\"COMMUNIQUE DU RESIRGALERTE PRECOCE A L&#8217;INTENTION DE LA COMMUNAUTE SCIENTIFIQUE SURUN PROBABLE GENOCIDE DES POPULATIONS TUTSIES EN REPUBLIQUEDEMOCRATIQUE DU CONGO\">[&#8230;]<\/a><\/p>\n<\/div>","protected":false},"author":1,"featured_media":0,"comment_status":"open","ping_status":"open","sticky":false,"template":"","format":"standard","meta":{"footnotes":""},"categories":[1],"tags":[],"class_list":["post-1032","post","type-post","status-publish","format-standard","hentry","category-uncategorized"],"_links":{"self":[{"href":"https:\/\/resirg.org\/beta\/wp-json\/wp\/v2\/posts\/1032","targetHints":{"allow":["GET"]}}],"collection":[{"href":"https:\/\/resirg.org\/beta\/wp-json\/wp\/v2\/posts"}],"about":[{"href":"https:\/\/resirg.org\/beta\/wp-json\/wp\/v2\/types\/post"}],"author":[{"embeddable":true,"href":"https:\/\/resirg.org\/beta\/wp-json\/wp\/v2\/users\/1"}],"replies":[{"embeddable":true,"href":"https:\/\/resirg.org\/beta\/wp-json\/wp\/v2\/comments?post=1032"}],"version-history":[{"count":1,"href":"https:\/\/resirg.org\/beta\/wp-json\/wp\/v2\/posts\/1032\/revisions"}],"predecessor-version":[{"id":1033,"href":"https:\/\/resirg.org\/beta\/wp-json\/wp\/v2\/posts\/1032\/revisions\/1033"}],"wp:attachment":[{"href":"https:\/\/resirg.org\/beta\/wp-json\/wp\/v2\/media?parent=1032"}],"wp:term":[{"taxonomy":"category","embeddable":true,"href":"https:\/\/resirg.org\/beta\/wp-json\/wp\/v2\/categories?post=1032"},{"taxonomy":"post_tag","embeddable":true,"href":"https:\/\/resirg.org\/beta\/wp-json\/wp\/v2\/tags?post=1032"}],"curies":[{"name":"wp","href":"https:\/\/api.w.org\/{rel}","templated":true}]}}